{"id":25049,"date":"2024-05-29T09:56:57","date_gmt":"2024-05-29T13:56:57","guid":{"rendered":"https:\/\/www.pedroandretta.info\/index\/?p=25049"},"modified":"2024-05-29T09:57:02","modified_gmt":"2024-05-29T13:57:02","slug":"universidades-federais-decidem-continuar-em-greve-apos-acordo-do-governo-com-sindicato","status":"publish","type":"post","link":"https:\/\/www.pedroandretta.info\/index\/2024\/05\/universidades-federais-decidem-continuar-em-greve-apos-acordo-do-governo-com-sindicato\/","title":{"rendered":"Universidades federais decidem continuar em greve ap\u00f3s acordo do governo com sindicato"},"content":{"rendered":"\n<p><strong>Universidades federais decidem continuar em greve ap\u00f3s acordo do governo com sindicato<\/strong><\/p>\n\n\n\n<p>Segundo o Andes, o acordo assinado pelo Proifes n\u00e3o representa as demandas dos servidores e &#8220;afronta as decis\u00f5es das bases em greve&#8221;, diz o presidente da entidade, Gustavo Seferian.<\/p>\n\n\n\n<p>Os servidores pediam reajuste de 7,06% em 2024, de 9% em janeiro de 2025 e de 5,16% em 2026. O governo negou aumento j\u00e1 neste ano, oferecendo 9% em janeiro de 2025 e de 3,5% em maio de 2026.<\/p>\n\n\n\n<p>#Greve #UniversidadesP\u00fablicas<\/p>\n\n\n\n<p>via Folha de S. Paulo<\/p>\n\n\n\n<p>Dispon\u00edvel em: <a href=\"https:\/\/www1.folha.uol.com.br\/educacao\/2024\/05\/universidades-federais-decidem-continuar-em-greve-apos-acordo-do-governo-com-sindicato.shtml\">https:\/\/www1.folha.uol.com.br\/educacao\/2024\/05\/universidades-federais-decidem-continuar-em-greve-apos-acordo-do-governo-com-sindicato.shtml<\/a><\/p>\n","protected":false},"excerpt":{"rendered":"<p>Universidades federais decidem continuar em greve ap\u00f3s acordo do governo com sindicato Segundo o Andes, o acordo assinado pelo Proifes n\u00e3o representa as demandas dos servidores e &#8220;afronta as decis\u00f5es das bases em greve&#8221;, diz o presidente da entidade, Gustavo Seferian. Os servidores pediam reajuste de 7,06% em 2024, de 9% em janeiro de 2025<\/p><\/div>\n<div class=\"blog-btn\"><a href=\"https:\/\/www.pedroandretta.info\/index\/2024\/05\/universidades-federais-decidem-continuar-em-greve-apos-acordo-do-governo-com-sindicato\/\" class=\"home-blog-btn\">Ler mais<\/a><\/p>\n","protected":false},"author":1,"featured_media":0,"comment_status":"open","ping_status":"open","sticky":false,"template":"","format":"standard","meta":{"_jetpack_memberships_contains_paid_content":false,"footnotes":"","jetpack_publicize_message":"","jetpack_publicize_feature_enabled":true,"jetpack_social_post_already_shared":true,"jetpack_social_options":{"image_generator_settings":{"template":"highway","default_image_id":0,"font":"","enabled":false},"version":2}},"categories":[21],"tags":[3686,819],"class_list":["post-25049","post","type-post","status-publish","format-standard","hentry","category-informeci","tag-greve","tag-universidadespublicas"],"jetpack_publicize_connections":[],"jetpack_featured_media_url":"","views":"","jetpack_sharing_enabled":true,"_links":{"self":[{"href":"https:\/\/www.pedroandretta.info\/index\/wp-json\/wp\/v2\/posts\/25049","targetHints":{"allow":["GET"]}}],"collection":[{"href":"https:\/\/www.pedroandretta.info\/index\/wp-json\/wp\/v2\/posts"}],"about":[{"href":"https:\/\/www.pedroandretta.info\/index\/wp-json\/wp\/v2\/types\/post"}],"author":[{"embeddable":true,"href":"https:\/\/www.pedroandretta.info\/index\/wp-json\/wp\/v2\/users\/1"}],"replies":[{"embeddable":true,"href":"https:\/\/www.pedroandretta.info\/index\/wp-json\/wp\/v2\/comments?post=25049"}],"version-history":[{"count":0,"href":"https:\/\/www.pedroandretta.info\/index\/wp-json\/wp\/v2\/posts\/25049\/revisions"}],"wp:attachment":[{"href":"https:\/\/www.pedroandretta.info\/index\/wp-json\/wp\/v2\/media?parent=25049"}],"wp:term":[{"taxonomy":"category","embeddable":true,"href":"https:\/\/www.pedroandretta.info\/index\/wp-json\/wp\/v2\/categories?post=25049"},{"taxonomy":"post_tag","embeddable":true,"href":"https:\/\/www.pedroandretta.info\/index\/wp-json\/wp\/v2\/tags?post=25049"}],"curies":[{"name":"wp","href":"https:\/\/api.w.org\/{rel}","templated":true}]}}