{"id":25182,"date":"2024-06-07T10:00:17","date_gmt":"2024-06-07T14:00:17","guid":{"rendered":"https:\/\/www.pedroandretta.info\/index\/?p=25182"},"modified":"2024-06-07T10:00:23","modified_gmt":"2024-06-07T14:00:23","slug":"a-biblioteca-publica-donnelly-eua-anuncia-que-se-tornara-uma-biblioteca-apenas-para-adultos-e-cita-o-projeto-do-legislativo-de-idaho","status":"publish","type":"post","link":"https:\/\/www.pedroandretta.info\/index\/2024\/06\/a-biblioteca-publica-donnelly-eua-anuncia-que-se-tornara-uma-biblioteca-apenas-para-adultos-e-cita-o-projeto-do-legislativo-de-idaho\/","title":{"rendered":"A Biblioteca P\u00fablica Donnelly (EUA) anuncia que se tornar\u00e1 uma biblioteca apenas para adultos e cita o projeto do Legislativo de Idaho"},"content":{"rendered":"\n<p><strong>A Biblioteca P\u00fablica Donnelly (EUA) anuncia que se tornar\u00e1 uma biblioteca apenas para adultos e cita o projeto do Legislativo de Idaho<\/strong><\/p>\n\n\n\n<p>Sherry Scheline, diretora da biblioteca, disse \u00e0 KTVB que o pr\u00e9dio se tornar\u00e1 uma biblioteca apenas para adultos, mas as crian\u00e7as poder\u00e3o entrar se estiverem acompanhadas por um \u201cadulto respons\u00e1vel\u201d.<\/p>\n\n\n\n<p>Num comunicado, os respons\u00e1veis \u200b\u200bda biblioteca afirmaram que, devido ao seu tamanho, n\u00e3o pode cumprir a nova lei e criar uma sec\u00e7\u00e3o para adultos fora do alcance das crian\u00e7as.<\/p>\n\n\n\n<p>#Bibliotecas #Censura<\/p>\n\n\n\n<p>via KTBV<\/p>\n\n\n\n<p>Dispon\u00edvel em: <a href=\"https:\/\/www.ktvb.com\/article\/news\/local\/donnelly-public-library-closure-children-idaho-legislatures-library-bill-accountable\/277-2f88a4fb-2a4f-46a3-9fdb-99f2e0962b38\">https:\/\/www.ktvb.com\/article\/news\/local\/donnelly-public-library-closure-children-idaho-legislatures-library-bill-accountable\/277-2f88a4fb-2a4f-46a3-9fdb-99f2e0962b38<\/a><\/p>\n","protected":false},"excerpt":{"rendered":"<p>A Biblioteca P\u00fablica Donnelly (EUA) anuncia que se tornar\u00e1 uma biblioteca apenas para adultos e cita o projeto do Legislativo de Idaho Sherry Scheline, diretora da biblioteca, disse \u00e0 KTVB que o pr\u00e9dio se tornar\u00e1 uma biblioteca apenas para adultos, mas as crian\u00e7as poder\u00e3o entrar se estiverem acompanhadas por um \u201cadulto respons\u00e1vel\u201d. Num comunicado, os<\/p><\/div>\n<div class=\"blog-btn\"><a href=\"https:\/\/www.pedroandretta.info\/index\/2024\/06\/a-biblioteca-publica-donnelly-eua-anuncia-que-se-tornara-uma-biblioteca-apenas-para-adultos-e-cita-o-projeto-do-legislativo-de-idaho\/\" class=\"home-blog-btn\">Ler mais<\/a><\/p>\n","protected":false},"author":1,"featured_media":0,"comment_status":"open","ping_status":"open","sticky":false,"template":"","format":"standard","meta":{"_jetpack_memberships_contains_paid_content":false,"footnotes":"","jetpack_publicize_message":"","jetpack_publicize_feature_enabled":true,"jetpack_social_post_already_shared":true,"jetpack_social_options":{"image_generator_settings":{"template":"highway","default_image_id":0,"font":"","enabled":false},"version":2}},"categories":[21],"tags":[38,168],"class_list":["post-25182","post","type-post","status-publish","format-standard","hentry","category-informeci","tag-bibliotecas","tag-censura"],"jetpack_publicize_connections":[],"jetpack_featured_media_url":"","views":"","jetpack_sharing_enabled":true,"_links":{"self":[{"href":"https:\/\/www.pedroandretta.info\/index\/wp-json\/wp\/v2\/posts\/25182","targetHints":{"allow":["GET"]}}],"collection":[{"href":"https:\/\/www.pedroandretta.info\/index\/wp-json\/wp\/v2\/posts"}],"about":[{"href":"https:\/\/www.pedroandretta.info\/index\/wp-json\/wp\/v2\/types\/post"}],"author":[{"embeddable":true,"href":"https:\/\/www.pedroandretta.info\/index\/wp-json\/wp\/v2\/users\/1"}],"replies":[{"embeddable":true,"href":"https:\/\/www.pedroandretta.info\/index\/wp-json\/wp\/v2\/comments?post=25182"}],"version-history":[{"count":0,"href":"https:\/\/www.pedroandretta.info\/index\/wp-json\/wp\/v2\/posts\/25182\/revisions"}],"wp:attachment":[{"href":"https:\/\/www.pedroandretta.info\/index\/wp-json\/wp\/v2\/media?parent=25182"}],"wp:term":[{"taxonomy":"category","embeddable":true,"href":"https:\/\/www.pedroandretta.info\/index\/wp-json\/wp\/v2\/categories?post=25182"},{"taxonomy":"post_tag","embeddable":true,"href":"https:\/\/www.pedroandretta.info\/index\/wp-json\/wp\/v2\/tags?post=25182"}],"curies":[{"name":"wp","href":"https:\/\/api.w.org\/{rel}","templated":true}]}}