{"id":25205,"date":"2024-06-09T13:20:25","date_gmt":"2024-06-09T17:20:25","guid":{"rendered":"https:\/\/www.pedroandretta.info\/index\/?p=25205"},"modified":"2024-06-09T13:21:33","modified_gmt":"2024-06-09T17:21:33","slug":"a-capacidade-dos-professores-de-criar-um-bom-ambiente-de-sala-de-aula-afeta-positivamente-os-resultados-academicos-dos-alunos","status":"publish","type":"post","link":"https:\/\/www.pedroandretta.info\/index\/2024\/06\/a-capacidade-dos-professores-de-criar-um-bom-ambiente-de-sala-de-aula-afeta-positivamente-os-resultados-academicos-dos-alunos\/","title":{"rendered":"A capacidade dos professores de criar um bom ambiente de sala de aula afeta positivamente os resultados acad\u00eamicos dos alunos"},"content":{"rendered":"\n<p><strong>A capacidade dos professores de criar um bom ambiente de sala de aula afeta positivamente os resultados acad\u00eamicos dos alunos<\/strong><\/p>\n\n\n\n<p>Para estabelecer estas rela\u00e7\u00f5es positivas, o professor pode responder \u00e0s necessidades sociais, emocionais e acad\u00e9micas, incentivar atividades em grupo\u00a0e\u00a0promover\u00a0a inclus\u00e3o\u00a0.\u00a0<\/p>\n\n\n\n<p>#BoasPr\u00e1ticas #Ensino #Professores #Escolas<\/p>\n\n\n\n<p>via Observatorio de la Escuela en Iberoam\u00e9rica<\/p>\n\n\n\n<p>Dispon\u00edvel em: <a href=\"https:\/\/oes.fundacion-sm.org\/claves-para-la-reflexion\/la-capacidad-de-los-docentes-de-crear-un-buen-ambiente-en-clase-afecta-positivamente-a-los-resultados-academicos-de-los-estudiantes\/\">https:\/\/oes.fundacion-sm.org\/claves-para-la-reflexion\/la-capacidad-de-los-docentes-de-crear-un-buen-ambiente-en-clase-afecta-positivamente-a-los-resultados-academicos-de-los-estudiantes\/<\/a><\/p>\n","protected":false},"excerpt":{"rendered":"<p>A capacidade dos professores de criar um bom ambiente de sala de aula afeta positivamente os resultados acad\u00eamicos dos alunos Para estabelecer estas rela\u00e7\u00f5es positivas, o professor pode responder \u00e0s necessidades sociais, emocionais e acad\u00e9micas, incentivar atividades em grupo\u00a0e\u00a0promover\u00a0a inclus\u00e3o\u00a0.\u00a0 #BoasPr\u00e1ticas #Ensino #Professores #Escolas via Observatorio de la Escuela en Iberoam\u00e9rica Dispon\u00edvel em: https:\/\/oes.fundacion-sm.org\/claves-para-la-reflexion\/la-capacidad-de-los-docentes-de-crear-un-buen-ambiente-en-clase-afecta-positivamente-a-los-resultados-academicos-de-los-estudiantes\/<\/p>\n","protected":false},"author":1,"featured_media":0,"comment_status":"open","ping_status":"open","sticky":false,"template":"","format":"standard","meta":{"_jetpack_memberships_contains_paid_content":false,"footnotes":"","jetpack_publicize_message":"","jetpack_publicize_feature_enabled":true,"jetpack_social_post_already_shared":true,"jetpack_social_options":{"image_generator_settings":{"template":"highway","default_image_id":0,"font":"","enabled":false},"version":2}},"categories":[21],"tags":[377,373,81,44],"class_list":["post-25205","post","type-post","status-publish","format-standard","hentry","category-informeci","tag-boaspraticas","tag-ensino","tag-escolas","tag-professores"],"jetpack_publicize_connections":[],"jetpack_featured_media_url":"","views":"","jetpack_sharing_enabled":true,"_links":{"self":[{"href":"https:\/\/www.pedroandretta.info\/index\/wp-json\/wp\/v2\/posts\/25205","targetHints":{"allow":["GET"]}}],"collection":[{"href":"https:\/\/www.pedroandretta.info\/index\/wp-json\/wp\/v2\/posts"}],"about":[{"href":"https:\/\/www.pedroandretta.info\/index\/wp-json\/wp\/v2\/types\/post"}],"author":[{"embeddable":true,"href":"https:\/\/www.pedroandretta.info\/index\/wp-json\/wp\/v2\/users\/1"}],"replies":[{"embeddable":true,"href":"https:\/\/www.pedroandretta.info\/index\/wp-json\/wp\/v2\/comments?post=25205"}],"version-history":[{"count":0,"href":"https:\/\/www.pedroandretta.info\/index\/wp-json\/wp\/v2\/posts\/25205\/revisions"}],"wp:attachment":[{"href":"https:\/\/www.pedroandretta.info\/index\/wp-json\/wp\/v2\/media?parent=25205"}],"wp:term":[{"taxonomy":"category","embeddable":true,"href":"https:\/\/www.pedroandretta.info\/index\/wp-json\/wp\/v2\/categories?post=25205"},{"taxonomy":"post_tag","embeddable":true,"href":"https:\/\/www.pedroandretta.info\/index\/wp-json\/wp\/v2\/tags?post=25205"}],"curies":[{"name":"wp","href":"https:\/\/api.w.org\/{rel}","templated":true}]}}