{"id":25212,"date":"2024-06-09T13:34:06","date_gmt":"2024-06-09T17:34:06","guid":{"rendered":"https:\/\/www.pedroandretta.info\/index\/?p=25212"},"modified":"2024-06-09T13:34:12","modified_gmt":"2024-06-09T17:34:12","slug":"politica-e-regime-de-informacao-construto-teorico-e-tessitura-pratica","status":"publish","type":"post","link":"https:\/\/www.pedroandretta.info\/index\/2024\/06\/politica-e-regime-de-informacao-construto-teorico-e-tessitura-pratica\/","title":{"rendered":"Pol\u00edtica e regime de informa\u00e7\u00e3o: construto te\u00f3rico e tessitura pr\u00e1tica"},"content":{"rendered":"\n<p><strong>Pol\u00edtica e regime de informa\u00e7\u00e3o: construto te\u00f3rico e tessitura pr\u00e1tica<\/strong><\/p>\n\n\n\n<p>O estudo tem como objetivo identificar no desenho do Regime de Informa\u00e7\u00e3o, os elementos que o constitui e as potencialidades desse construto na elabora\u00e7\u00e3o de pol\u00edticas informacionais fortalecedoras das a\u00e7\u00f5es informacionais desenvolvidas pelos atores sociais da educa\u00e7\u00e3o b\u00e1sica.<\/p>\n\n\n\n<p>#RegimeDeInforma\u00e7\u00e3o #Educa\u00e7\u00e3oB\u00e1sica<\/p>\n\n\n\n<p>Dispon\u00edvel em: <a href=\"https:\/\/periodicos.ufsc.br\/index.php\/eb\/article\/view\/95780\">https:\/\/periodicos.ufsc.br\/index.php\/eb\/article\/view\/95780<\/a><\/p>\n\n\n\n<figure class=\"wp-block-image size-large\"><img data-recalc-dims=\"1\" decoding=\"async\" width=\"424\" height=\"600\" src=\"https:\/\/i0.wp.com\/www.pedroandretta.info\/index\/wp-content\/uploads\/2024\/06\/image-26.png?resize=424%2C600&#038;ssl=1\" alt=\"\" class=\"wp-image-25213\" srcset=\"https:\/\/i0.wp.com\/www.pedroandretta.info\/index\/wp-content\/uploads\/2024\/06\/image-26.png?resize=424%2C600&amp;ssl=1 424w, https:\/\/i0.wp.com\/www.pedroandretta.info\/index\/wp-content\/uploads\/2024\/06\/image-26.png?resize=212%2C300&amp;ssl=1 212w, https:\/\/i0.wp.com\/www.pedroandretta.info\/index\/wp-content\/uploads\/2024\/06\/image-26.png?w=546&amp;ssl=1 546w\" sizes=\"(max-width: 424px) 100vw, 424px\" \/><\/figure>\n","protected":false},"excerpt":{"rendered":"<p>Pol\u00edtica e regime de informa\u00e7\u00e3o: construto te\u00f3rico e tessitura pr\u00e1tica O estudo tem como objetivo identificar no desenho do Regime de Informa\u00e7\u00e3o, os elementos que o constitui e as potencialidades desse construto na elabora\u00e7\u00e3o de pol\u00edticas informacionais fortalecedoras das a\u00e7\u00f5es informacionais desenvolvidas pelos atores sociais da educa\u00e7\u00e3o b\u00e1sica. #RegimeDeInforma\u00e7\u00e3o #Educa\u00e7\u00e3oB\u00e1sica Dispon\u00edvel em: https:\/\/periodicos.ufsc.br\/index.php\/eb\/article\/view\/95780<\/p>\n","protected":false},"author":1,"featured_media":0,"comment_status":"open","ping_status":"open","sticky":false,"template":"","format":"standard","meta":{"_jetpack_memberships_contains_paid_content":false,"footnotes":"","jetpack_publicize_message":"","jetpack_publicize_feature_enabled":true,"jetpack_social_post_already_shared":true,"jetpack_social_options":{"image_generator_settings":{"template":"highway","default_image_id":0,"font":"","enabled":false},"version":2}},"categories":[21],"tags":[1952,812],"class_list":["post-25212","post","type-post","status-publish","format-standard","hentry","category-informeci","tag-educacaobasica","tag-regimedeinformacao"],"jetpack_publicize_connections":[],"jetpack_featured_media_url":"","views":"","jetpack_sharing_enabled":true,"_links":{"self":[{"href":"https:\/\/www.pedroandretta.info\/index\/wp-json\/wp\/v2\/posts\/25212","targetHints":{"allow":["GET"]}}],"collection":[{"href":"https:\/\/www.pedroandretta.info\/index\/wp-json\/wp\/v2\/posts"}],"about":[{"href":"https:\/\/www.pedroandretta.info\/index\/wp-json\/wp\/v2\/types\/post"}],"author":[{"embeddable":true,"href":"https:\/\/www.pedroandretta.info\/index\/wp-json\/wp\/v2\/users\/1"}],"replies":[{"embeddable":true,"href":"https:\/\/www.pedroandretta.info\/index\/wp-json\/wp\/v2\/comments?post=25212"}],"version-history":[{"count":0,"href":"https:\/\/www.pedroandretta.info\/index\/wp-json\/wp\/v2\/posts\/25212\/revisions"}],"wp:attachment":[{"href":"https:\/\/www.pedroandretta.info\/index\/wp-json\/wp\/v2\/media?parent=25212"}],"wp:term":[{"taxonomy":"category","embeddable":true,"href":"https:\/\/www.pedroandretta.info\/index\/wp-json\/wp\/v2\/categories?post=25212"},{"taxonomy":"post_tag","embeddable":true,"href":"https:\/\/www.pedroandretta.info\/index\/wp-json\/wp\/v2\/tags?post=25212"}],"curies":[{"name":"wp","href":"https:\/\/api.w.org\/{rel}","templated":true}]}}