{"id":25251,"date":"2024-06-10T09:56:51","date_gmt":"2024-06-10T13:56:51","guid":{"rendered":"https:\/\/www.pedroandretta.info\/index\/?p=25251"},"modified":"2024-06-10T09:56:55","modified_gmt":"2024-06-10T13:56:55","slug":"advocacy-na-bicentenaria-biblioteca-publica-da-bahia-perspectivas-para-ampliar-o-valor-social-de-bibliotecas-publicas","status":"publish","type":"post","link":"https:\/\/www.pedroandretta.info\/index\/2024\/06\/advocacy-na-bicentenaria-biblioteca-publica-da-bahia-perspectivas-para-ampliar-o-valor-social-de-bibliotecas-publicas\/","title":{"rendered":"Advocacy na bicenten\u00e1ria Biblioteca P\u00fablica da Bahia: perspectivas para ampliar o valor social de Bibliotecas P\u00fablicas."},"content":{"rendered":"\n<p><strong>Advocacy na bicenten\u00e1ria Biblioteca P\u00fablica da Bahia: perspectivas para ampliar o valor social de Bibliotecas P\u00fablicas<\/strong><\/p>\n\n\n\n<p>O presente estudo buscou investigar o uso de aparatos de advocacy na Biblioteca P\u00fablica do Estado da Bahia, com vistas a contribuir para reflex\u00f5es que venham a revigorar a fun\u00e7\u00e3o social de Bibliotecas P\u00fablicas brasileiras. Foram realizadas a\u00e7\u00f5es de advocacy na Biblioteca P\u00fablica do Estado da Bahia, escolhida neste estudo dada a sua import\u00e2ncia de ser a primeira Biblioteca P\u00fablica do pa\u00eds e da Am\u00e9rica Latina.<\/p>\n\n\n\n<p>#ImpactoDasBibliotecas #Advocacy #BibliotecasP\u00fablicas<\/p>\n\n\n\n<p>Dispon\u00edvel em: <a href=\"https:\/\/repositorio.ufba.br\/handle\/ri\/39388\">https:\/\/repositorio.ufba.br\/handle\/ri\/39388<\/a><\/p>\n\n\n\n<figure class=\"wp-block-image size-full\"><img data-recalc-dims=\"1\" decoding=\"async\" width=\"405\" height=\"539\" src=\"https:\/\/i0.wp.com\/www.pedroandretta.info\/index\/wp-content\/uploads\/2024\/06\/image-30.png?resize=405%2C539&#038;ssl=1\" alt=\"\" class=\"wp-image-25252\" srcset=\"https:\/\/i0.wp.com\/www.pedroandretta.info\/index\/wp-content\/uploads\/2024\/06\/image-30.png?w=405&amp;ssl=1 405w, https:\/\/i0.wp.com\/www.pedroandretta.info\/index\/wp-content\/uploads\/2024\/06\/image-30.png?resize=225%2C300&amp;ssl=1 225w\" sizes=\"(max-width: 405px) 100vw, 405px\" \/><\/figure>\n","protected":false},"excerpt":{"rendered":"<p>Advocacy na bicenten\u00e1ria Biblioteca P\u00fablica da Bahia: perspectivas para ampliar o valor social de Bibliotecas P\u00fablicas O presente estudo buscou investigar o uso de aparatos de advocacy na Biblioteca P\u00fablica do Estado da Bahia, com vistas a contribuir para reflex\u00f5es que venham a revigorar a fun\u00e7\u00e3o social de Bibliotecas P\u00fablicas brasileiras. Foram realizadas a\u00e7\u00f5es de<\/p><\/div>\n<div class=\"blog-btn\"><a href=\"https:\/\/www.pedroandretta.info\/index\/2024\/06\/advocacy-na-bicentenaria-biblioteca-publica-da-bahia-perspectivas-para-ampliar-o-valor-social-de-bibliotecas-publicas\/\" class=\"home-blog-btn\">Ler mais<\/a><\/p>\n","protected":false},"author":1,"featured_media":0,"comment_status":"open","ping_status":"open","sticky":false,"template":"","format":"standard","meta":{"_jetpack_memberships_contains_paid_content":false,"footnotes":"","jetpack_publicize_message":"","jetpack_publicize_feature_enabled":true,"jetpack_social_post_already_shared":true,"jetpack_social_options":{"image_generator_settings":{"template":"highway","default_image_id":0,"font":"","enabled":false},"version":2}},"categories":[21],"tags":[480,39,3301],"class_list":["post-25251","post","type-post","status-publish","format-standard","hentry","category-informeci","tag-advocacy","tag-bibliotecaspublicas","tag-impactodasbibliotecas"],"jetpack_publicize_connections":[],"jetpack_featured_media_url":"","views":"","jetpack_sharing_enabled":true,"_links":{"self":[{"href":"https:\/\/www.pedroandretta.info\/index\/wp-json\/wp\/v2\/posts\/25251","targetHints":{"allow":["GET"]}}],"collection":[{"href":"https:\/\/www.pedroandretta.info\/index\/wp-json\/wp\/v2\/posts"}],"about":[{"href":"https:\/\/www.pedroandretta.info\/index\/wp-json\/wp\/v2\/types\/post"}],"author":[{"embeddable":true,"href":"https:\/\/www.pedroandretta.info\/index\/wp-json\/wp\/v2\/users\/1"}],"replies":[{"embeddable":true,"href":"https:\/\/www.pedroandretta.info\/index\/wp-json\/wp\/v2\/comments?post=25251"}],"version-history":[{"count":0,"href":"https:\/\/www.pedroandretta.info\/index\/wp-json\/wp\/v2\/posts\/25251\/revisions"}],"wp:attachment":[{"href":"https:\/\/www.pedroandretta.info\/index\/wp-json\/wp\/v2\/media?parent=25251"}],"wp:term":[{"taxonomy":"category","embeddable":true,"href":"https:\/\/www.pedroandretta.info\/index\/wp-json\/wp\/v2\/categories?post=25251"},{"taxonomy":"post_tag","embeddable":true,"href":"https:\/\/www.pedroandretta.info\/index\/wp-json\/wp\/v2\/tags?post=25251"}],"curies":[{"name":"wp","href":"https:\/\/api.w.org\/{rel}","templated":true}]}}