{"id":25254,"date":"2024-06-11T11:56:28","date_gmt":"2024-06-11T15:56:28","guid":{"rendered":"https:\/\/www.pedroandretta.info\/index\/?p=25254"},"modified":"2024-06-11T11:56:53","modified_gmt":"2024-06-11T15:56:53","slug":"depois-de-quase-3-meses-de-greve-em-universidades-federais-lula-anuncia-investimentos-e-pede-o-fim-paralisacao","status":"publish","type":"post","link":"https:\/\/www.pedroandretta.info\/index\/2024\/06\/depois-de-quase-3-meses-de-greve-em-universidades-federais-lula-anuncia-investimentos-e-pede-o-fim-paralisacao\/","title":{"rendered":"Depois de quase 3 meses de greve em universidades federais, Lula anuncia investimentos e pede o fim paralisa\u00e7\u00e3o"},"content":{"rendered":"\n<p><strong>Depois de quase 3 meses de greve em universidades federais, Lula anuncia investimentos e pede o fim paralisa\u00e7\u00e3o<\/strong><\/p>\n\n\n\n<p>Em nota, o Sindicato Nacional dos Docentes das Institui\u00e7\u00f5es de Ensino Superior afirmou que o an\u00fancio feito pelo governo nesta segunda-feira (10) representa algum avan\u00e7o, mas que diante do grave quadro de sucateamento, \u00e9 pouco.<\/p>\n\n\n\n<p>Nesta ter\u00e7a-feira (11), t\u00e9cnicos das universidades e institutos federais se re\u00fanem com representantes dos minist\u00e9rios da Gest\u00e3o e da Educa\u00e7\u00e3o. Na sexta-feira (14), a conversa ser\u00e1 com os docentes.\u00a0As duas categorias esperam que o governo sinalize com algum reajuste salarial ainda em 2024. S\u00f3 depois, devem decidir se continuam ou n\u00e3o em greve.<\/p>\n\n\n\n<p>#Greve<\/p>\n\n\n\n<p>via JN<\/p>\n\n\n\n<p>Dispon\u00edvel em: <a href=\"https:\/\/g1.globo.com\/jornal-nacional\/noticia\/2024\/06\/10\/depois-de-quase-3-meses-de-greve-em-universidades-federais-lula-anuncia-investimentos-e-pede-o-fim-paralisacao.ghtml\">https:\/\/g1.globo.com\/jornal-nacional\/noticia\/2024\/06\/10\/depois-de-quase-3-meses-de-greve-em-universidades-federais-lula-anuncia-investimentos-e-pede-o-fim-paralisacao.ghtml<\/a><\/p>\n","protected":false},"excerpt":{"rendered":"<p>Depois de quase 3 meses de greve em universidades federais, Lula anuncia investimentos e pede o fim paralisa\u00e7\u00e3o Em nota, o Sindicato Nacional dos Docentes das Institui\u00e7\u00f5es de Ensino Superior afirmou que o an\u00fancio feito pelo governo nesta segunda-feira (10) representa algum avan\u00e7o, mas que diante do grave quadro de sucateamento, \u00e9 pouco. Nesta ter\u00e7a-feira<\/p><\/div>\n<div class=\"blog-btn\"><a href=\"https:\/\/www.pedroandretta.info\/index\/2024\/06\/depois-de-quase-3-meses-de-greve-em-universidades-federais-lula-anuncia-investimentos-e-pede-o-fim-paralisacao\/\" class=\"home-blog-btn\">Ler mais<\/a><\/p>\n","protected":false},"author":1,"featured_media":0,"comment_status":"open","ping_status":"open","sticky":false,"template":"","format":"standard","meta":{"_jetpack_memberships_contains_paid_content":false,"footnotes":"","jetpack_publicize_message":"","jetpack_publicize_feature_enabled":true,"jetpack_social_post_already_shared":true,"jetpack_social_options":{"image_generator_settings":{"template":"highway","default_image_id":0,"font":"","enabled":false},"version":2}},"categories":[21],"tags":[3686],"class_list":["post-25254","post","type-post","status-publish","format-standard","hentry","category-informeci","tag-greve"],"jetpack_publicize_connections":[],"jetpack_featured_media_url":"","views":"","jetpack_sharing_enabled":true,"_links":{"self":[{"href":"https:\/\/www.pedroandretta.info\/index\/wp-json\/wp\/v2\/posts\/25254","targetHints":{"allow":["GET"]}}],"collection":[{"href":"https:\/\/www.pedroandretta.info\/index\/wp-json\/wp\/v2\/posts"}],"about":[{"href":"https:\/\/www.pedroandretta.info\/index\/wp-json\/wp\/v2\/types\/post"}],"author":[{"embeddable":true,"href":"https:\/\/www.pedroandretta.info\/index\/wp-json\/wp\/v2\/users\/1"}],"replies":[{"embeddable":true,"href":"https:\/\/www.pedroandretta.info\/index\/wp-json\/wp\/v2\/comments?post=25254"}],"version-history":[{"count":0,"href":"https:\/\/www.pedroandretta.info\/index\/wp-json\/wp\/v2\/posts\/25254\/revisions"}],"wp:attachment":[{"href":"https:\/\/www.pedroandretta.info\/index\/wp-json\/wp\/v2\/media?parent=25254"}],"wp:term":[{"taxonomy":"category","embeddable":true,"href":"https:\/\/www.pedroandretta.info\/index\/wp-json\/wp\/v2\/categories?post=25254"},{"taxonomy":"post_tag","embeddable":true,"href":"https:\/\/www.pedroandretta.info\/index\/wp-json\/wp\/v2\/tags?post=25254"}],"curies":[{"name":"wp","href":"https:\/\/api.w.org\/{rel}","templated":true}]}}