{"id":2533,"date":"2019-12-18T00:21:01","date_gmt":"2019-12-18T00:21:01","guid":{"rendered":"https:\/\/www.pedroandretta.info\/index\/?p=2533"},"modified":"2019-12-20T01:09:17","modified_gmt":"2019-12-20T01:09:17","slug":"voces-colocam-os-numeros-de-seguidores-nas-redes-sociais-da-biblioteca-nos-rela","status":"publish","type":"post","link":"https:\/\/www.pedroandretta.info\/index\/2019\/12\/voces-colocam-os-numeros-de-seguidores-nas-redes-sociais-da-biblioteca-nos-rela\/","title":{"rendered":"Voc\u00eas colocam os n\u00fameros de seguidores nas redes sociais da #Biblioteca nos rela"},"content":{"rendered":"<p>[ad_1]<br \/>\n<img decoding=\"async\" src=\"https:\/\/www.tandfonline.com\/doi\/cover-img\/10.1080\/19322909.2019.1693943\"\/><\/p>\n<blockquote class=\"twitter-tweet\">\n<p lang=\"pt\" dir=\"ltr\">Voc\u00eas colocam os n\u00fameros de seguidores nas redes sociais da <a target=\"_blank\" href=\"https:\/\/twitter.com\/hashtag\/Biblioteca?src=hash&amp;ref_src=twsrc%5Etfw\" rel=\"noopener noreferrer\">#Biblioteca<\/a> nos relat\u00f3rios de atividades? \u00c9 bom colocar! Estudo indica que h\u00e1 uma correla\u00e7\u00e3o entre o n\u00famero de seguidores no Facebook e o n\u00famero de visitas e participa\u00e7\u00e3o em eventos! <a target=\"_blank\" href=\"https:\/\/twitter.com\/hashtag\/engajamento?src=hash&amp;ref_src=twsrc%5Etfw\" rel=\"noopener noreferrer\">#engajamento<\/a> <a target=\"_blank\" href=\"https:\/\/t.co\/Q6X7CdGxRK\" rel=\"noopener noreferrer\">https:\/\/t.co\/Q6X7CdGxRK<\/a><\/p>\n<p>&mdash; Pedro Andretta (@andretta_pedro) <a target=\"_blank\" href=\"https:\/\/twitter.com\/andretta_pedro\/status\/1207093373116567554?ref_src=twsrc%5Etfw\" rel=\"noopener noreferrer\">December 18, 2019<\/a><\/p><\/blockquote>\n<p><script async src=\"https:\/\/platform.twitter.com\/widgets.js\" charset=\"utf-8\"><\/script><\/p>\n<p>[ad_2]<br \/>\n<br \/><a href=\"https:\/\/twitter.com\/andretta_pedro\/statuses\/1207093373116567554\">Source<\/a> by <a href=\"https:\/\/t.co\/MfIsGWjH1p\">Pedro Andretta<\/a><\/p>\n","protected":false},"excerpt":{"rendered":"<p>[ad_1] Voc\u00eas colocam os n\u00fameros de seguidores nas redes sociais da #Biblioteca nos relat\u00f3rios de atividades? \u00c9 bom colocar! Estudo indica que h\u00e1 uma correla\u00e7\u00e3o entre o n\u00famero de seguidores no Facebook e o n\u00famero de visitas e participa\u00e7\u00e3o em eventos! #engajamento https:\/\/t.co\/Q6X7CdGxRK &mdash; Pedro Andretta (@andretta_pedro) December 18, 2019 [ad_2] Source by Pedro Andretta<\/p>\n","protected":false},"author":1,"featured_media":2534,"comment_status":"closed","ping_status":"open","sticky":false,"template":"","format":"standard","meta":{"_jetpack_memberships_contains_paid_content":false,"footnotes":"","jetpack_publicize_message":"","jetpack_publicize_feature_enabled":true,"jetpack_social_post_already_shared":false,"jetpack_social_options":{"image_generator_settings":{"template":"highway","default_image_id":0,"font":"","enabled":false},"version":2}},"categories":[21],"tags":[38,195],"class_list":["post-2533","post","type-post","status-publish","format-standard","has-post-thumbnail","hentry","category-informeci","tag-bibliotecas","tag-engajamento"],"jetpack_publicize_connections":[],"jetpack_featured_media_url":"https:\/\/www.pedroandretta.info\/index\/wp-content\/uploads\/2019\/12\/19322909.2019.1693943.jpeg; charset=UTF-8","views":"","jetpack_sharing_enabled":true,"_links":{"self":[{"href":"https:\/\/www.pedroandretta.info\/index\/wp-json\/wp\/v2\/posts\/2533","targetHints":{"allow":["GET"]}}],"collection":[{"href":"https:\/\/www.pedroandretta.info\/index\/wp-json\/wp\/v2\/posts"}],"about":[{"href":"https:\/\/www.pedroandretta.info\/index\/wp-json\/wp\/v2\/types\/post"}],"author":[{"embeddable":true,"href":"https:\/\/www.pedroandretta.info\/index\/wp-json\/wp\/v2\/users\/1"}],"replies":[{"embeddable":true,"href":"https:\/\/www.pedroandretta.info\/index\/wp-json\/wp\/v2\/comments?post=2533"}],"version-history":[{"count":0,"href":"https:\/\/www.pedroandretta.info\/index\/wp-json\/wp\/v2\/posts\/2533\/revisions"}],"wp:featuredmedia":[{"embeddable":true,"href":"https:\/\/www.pedroandretta.info\/index\/wp-json\/wp\/v2\/media\/2534"}],"wp:attachment":[{"href":"https:\/\/www.pedroandretta.info\/index\/wp-json\/wp\/v2\/media?parent=2533"}],"wp:term":[{"taxonomy":"category","embeddable":true,"href":"https:\/\/www.pedroandretta.info\/index\/wp-json\/wp\/v2\/categories?post=2533"},{"taxonomy":"post_tag","embeddable":true,"href":"https:\/\/www.pedroandretta.info\/index\/wp-json\/wp\/v2\/tags?post=2533"}],"curies":[{"name":"wp","href":"https:\/\/api.w.org\/{rel}","templated":true}]}}