{"id":2538,"date":"2019-12-17T22:47:07","date_gmt":"2019-12-17T22:47:07","guid":{"rendered":"https:\/\/www.pedroandretta.info\/index\/?p=2538"},"modified":"2019-12-20T01:09:36","modified_gmt":"2019-12-20T01:09:36","slug":"para-galera-da-coinfo-desenvolvendo-programas-de-alfabetizacao-informacional","status":"publish","type":"post","link":"https:\/\/www.pedroandretta.info\/index\/2019\/12\/para-galera-da-coinfo-desenvolvendo-programas-de-alfabetizacao-informacional\/","title":{"rendered":"Para galera da #CoInfo \u201cDesenvolvendo Programas de Alfabetiza\u00e7\u00e3o Informacional: &#8230;"},"content":{"rendered":"<p>[ad_1]<\/p>\n<blockquote class=\"twitter-tweet\">\n<p lang=\"pt\" dir=\"ltr\">Para galera da <a target=\"_blank\" href=\"https:\/\/twitter.com\/hashtag\/CoInfo?src=hash&amp;ref_src=twsrc%5Etfw\" rel=\"noopener noreferrer\">#CoInfo<\/a> \u201cDesenvolvendo Programas de Alfabetiza\u00e7\u00e3o Informacional: Melhores Pr\u00e1ticas da Am\u00e9rica Latina, Espanha e Portugal para Desenvolver Programas de Alfabetiza\u00e7\u00e3o Informacional\u201d de Alejandro Uribe-Tirado e Maria Pinto. <a target=\"_blank\" href=\"https:\/\/t.co\/Y7SiQxP78u\" rel=\"noopener noreferrer\">https:\/\/t.co\/Y7SiQxP78u<\/a><\/p>\n<p>&mdash; Pedro Andretta (@andretta_pedro) <a target=\"_blank\" href=\"https:\/\/twitter.com\/andretta_pedro\/status\/1207069742852444160?ref_src=twsrc%5Etfw\" rel=\"noopener noreferrer\">December 17, 2019<\/a><\/p><\/blockquote>\n<p><script async src=\"https:\/\/platform.twitter.com\/widgets.js\" charset=\"utf-8\"><\/script><\/p>\n<p>[ad_2]<br \/>\n<br \/><a href=\"https:\/\/twitter.com\/andretta_pedro\/statuses\/1207069742852444160\">Source<\/a> by <a href=\"https:\/\/t.co\/MfIsGWjH1p\">Pedro Andretta<\/a><\/p>\n","protected":false},"excerpt":{"rendered":"<p>[ad_1] Para galera da #CoInfo \u201cDesenvolvendo Programas de Alfabetiza\u00e7\u00e3o Informacional: Melhores Pr\u00e1ticas da Am\u00e9rica Latina, Espanha e Portugal para Desenvolver Programas de Alfabetiza\u00e7\u00e3o Informacional\u201d de Alejandro Uribe-Tirado e Maria Pinto. https:\/\/t.co\/Y7SiQxP78u &mdash; Pedro Andretta (@andretta_pedro) December 17, 2019 [ad_2] Source by Pedro Andretta<\/p>\n","protected":false},"author":1,"featured_media":0,"comment_status":"closed","ping_status":"open","sticky":false,"template":"","format":"standard","meta":{"_jetpack_memberships_contains_paid_content":false,"footnotes":"","jetpack_publicize_message":"","jetpack_publicize_feature_enabled":true,"jetpack_social_post_already_shared":false,"jetpack_social_options":{"image_generator_settings":{"template":"highway","default_image_id":0,"font":"","enabled":false},"version":2}},"categories":[21],"tags":[46],"class_list":["post-2538","post","type-post","status-publish","format-standard","hentry","category-informeci","tag-coinfo"],"jetpack_publicize_connections":[],"jetpack_featured_media_url":"","views":"","jetpack_sharing_enabled":true,"_links":{"self":[{"href":"https:\/\/www.pedroandretta.info\/index\/wp-json\/wp\/v2\/posts\/2538","targetHints":{"allow":["GET"]}}],"collection":[{"href":"https:\/\/www.pedroandretta.info\/index\/wp-json\/wp\/v2\/posts"}],"about":[{"href":"https:\/\/www.pedroandretta.info\/index\/wp-json\/wp\/v2\/types\/post"}],"author":[{"embeddable":true,"href":"https:\/\/www.pedroandretta.info\/index\/wp-json\/wp\/v2\/users\/1"}],"replies":[{"embeddable":true,"href":"https:\/\/www.pedroandretta.info\/index\/wp-json\/wp\/v2\/comments?post=2538"}],"version-history":[{"count":0,"href":"https:\/\/www.pedroandretta.info\/index\/wp-json\/wp\/v2\/posts\/2538\/revisions"}],"wp:attachment":[{"href":"https:\/\/www.pedroandretta.info\/index\/wp-json\/wp\/v2\/media?parent=2538"}],"wp:term":[{"taxonomy":"category","embeddable":true,"href":"https:\/\/www.pedroandretta.info\/index\/wp-json\/wp\/v2\/categories?post=2538"},{"taxonomy":"post_tag","embeddable":true,"href":"https:\/\/www.pedroandretta.info\/index\/wp-json\/wp\/v2\/tags?post=2538"}],"curies":[{"name":"wp","href":"https:\/\/api.w.org\/{rel}","templated":true}]}}