{"id":25431,"date":"2024-06-22T11:59:30","date_gmt":"2024-06-22T15:59:30","guid":{"rendered":"https:\/\/www.pedroandretta.info\/index\/?p=25431"},"modified":"2024-06-22T11:59:34","modified_gmt":"2024-06-22T15:59:34","slug":"stanford-desmancha-pesquisa-sobre-desinformacao-nas-redes-apos-ataques-de-politicos-conservadores","status":"publish","type":"post","link":"https:\/\/www.pedroandretta.info\/index\/2024\/06\/stanford-desmancha-pesquisa-sobre-desinformacao-nas-redes-apos-ataques-de-politicos-conservadores\/","title":{"rendered":"Stanford desmancha pesquisa sobre desinforma\u00e7\u00e3o nas redes ap\u00f3s ataques de pol\u00edticos conservadores"},"content":{"rendered":"\n<p><strong>Stanford desmancha pesquisa sobre desinforma\u00e7\u00e3o nas redes ap\u00f3s ataques de pol\u00edticos conservadores<\/strong><\/p>\n\n\n\n<p>Segundo a imprensa norte-americana, pesquisadores do SIO foram processados tr\u00eas vezes por grupos conservadores que os acusam de conluios com o governo Biden para censurar a liberdade de express\u00e3o no pa\u00eds. Isso for\u00e7ou Stanford a gastar milh\u00f5es de d\u00f3lares em defesas legais, o que for\u00e7ou a mudan\u00e7a no foco das pesquisas.<\/p>\n\n\n\n<p>#Desinforma\u00e7\u00e3o #Elei\u00e7\u00f5es<\/p>\n\n\n\n<p>via N\u00facleo<\/p>\n\n\n\n<p>Dispon\u00edvel em: <a href=\"https:\/\/nucleo.jor.br\/curtas\/2024-06-14-stanford-desmancha-pesquisa-desinformacao-ataques-conservadores\/\">https:\/\/nucleo.jor.br\/curtas\/2024-06-14-stanford-desmancha-pesquisa-desinformacao-ataques-conservadores\/<\/a><\/p>\n","protected":false},"excerpt":{"rendered":"<p>Stanford desmancha pesquisa sobre desinforma\u00e7\u00e3o nas redes ap\u00f3s ataques de pol\u00edticos conservadores Segundo a imprensa norte-americana, pesquisadores do SIO foram processados tr\u00eas vezes por grupos conservadores que os acusam de conluios com o governo Biden para censurar a liberdade de express\u00e3o no pa\u00eds. Isso for\u00e7ou Stanford a gastar milh\u00f5es de d\u00f3lares em defesas legais, o<\/p><\/div>\n<div class=\"blog-btn\"><a href=\"https:\/\/www.pedroandretta.info\/index\/2024\/06\/stanford-desmancha-pesquisa-sobre-desinformacao-nas-redes-apos-ataques-de-politicos-conservadores\/\" class=\"home-blog-btn\">Ler mais<\/a><\/p>\n","protected":false},"author":1,"featured_media":0,"comment_status":"open","ping_status":"open","sticky":false,"template":"","format":"standard","meta":{"_jetpack_newsletter_access":"","_jetpack_dont_email_post_to_subs":false,"_jetpack_newsletter_tier_id":0,"_jetpack_memberships_contains_paywalled_content":false,"_jetpack_feature_clip_id":0,"_jetpack_memberships_contains_paid_content":false,"footnotes":"","jetpack_publicize_message":"","jetpack_publicize_feature_enabled":true,"jetpack_social_post_already_shared":true,"jetpack_social_options":{"image_generator_settings":{"template":"highway","default_image_id":0,"font":"","enabled":false},"version":2},"jetpack_post_was_ever_published":false},"categories":[21],"tags":[142,143],"class_list":["post-25431","post","type-post","status-publish","format-standard","hentry","category-informeci","tag-desinformacao","tag-eleicoes"],"jetpack_publicize_connections":[],"jetpack_featured_media_url":"","views":"","jetpack_sharing_enabled":true,"_links":{"self":[{"href":"https:\/\/www.pedroandretta.info\/index\/wp-json\/wp\/v2\/posts\/25431","targetHints":{"allow":["GET"]}}],"collection":[{"href":"https:\/\/www.pedroandretta.info\/index\/wp-json\/wp\/v2\/posts"}],"about":[{"href":"https:\/\/www.pedroandretta.info\/index\/wp-json\/wp\/v2\/types\/post"}],"author":[{"embeddable":true,"href":"https:\/\/www.pedroandretta.info\/index\/wp-json\/wp\/v2\/users\/1"}],"replies":[{"embeddable":true,"href":"https:\/\/www.pedroandretta.info\/index\/wp-json\/wp\/v2\/comments?post=25431"}],"version-history":[{"count":0,"href":"https:\/\/www.pedroandretta.info\/index\/wp-json\/wp\/v2\/posts\/25431\/revisions"}],"wp:attachment":[{"href":"https:\/\/www.pedroandretta.info\/index\/wp-json\/wp\/v2\/media?parent=25431"}],"wp:term":[{"taxonomy":"category","embeddable":true,"href":"https:\/\/www.pedroandretta.info\/index\/wp-json\/wp\/v2\/categories?post=25431"},{"taxonomy":"post_tag","embeddable":true,"href":"https:\/\/www.pedroandretta.info\/index\/wp-json\/wp\/v2\/tags?post=25431"}],"curies":[{"name":"wp","href":"https:\/\/api.w.org\/{rel}","templated":true}]}}