{"id":25491,"date":"2024-06-24T23:35:06","date_gmt":"2024-06-25T03:35:06","guid":{"rendered":"https:\/\/www.pedroandretta.info\/index\/?p=25491"},"modified":"2024-06-24T23:35:11","modified_gmt":"2024-06-25T03:35:11","slug":"gestao-da-informacao-e-do-conhecimento-em-redes-sociais-virtuais-proposicao-de-um-modelo-explicativo-para-busca-de-informacao-e-geracao-de-conhecimento-para-lidar-com-o-autismo","status":"publish","type":"post","link":"https:\/\/www.pedroandretta.info\/index\/2024\/06\/gestao-da-informacao-e-do-conhecimento-em-redes-sociais-virtuais-proposicao-de-um-modelo-explicativo-para-busca-de-informacao-e-geracao-de-conhecimento-para-lidar-com-o-autismo\/","title":{"rendered":"Gest\u00e3o da Informa\u00e7\u00e3o e do Conhecimento em redes sociais virtuais: proposi\u00e7\u00e3o de um modelo explicativo para busca de informa\u00e7\u00e3o e gera\u00e7\u00e3o de conhecimento para lidar com o autismo"},"content":{"rendered":"\n<p><strong>Gest\u00e3o da Informa\u00e7\u00e3o e do Conhecimento em redes sociais virtuais: proposi\u00e7\u00e3o de um modelo explicativo para busca de informa\u00e7\u00e3o e gera\u00e7\u00e3o de conhecimento para lidar com o autismo<\/strong><\/p>\n\n\n\n<p>Pode-se concluir que ficou demonstrada a import\u00e2ncia da contribui\u00e7\u00e3o do modelo para a sociedade, uma vez que descreve teoricamente o percurso dos indiv\u00edduos para obten\u00e7\u00e3o de conhecimento, boas pr\u00e1ticas e apoio para lidar com um transtorno que aflige um grande n\u00famero de fam\u00edlias. Tamb\u00e9m vale destacar as contribui\u00e7\u00f5es desta pesquisa para a ci\u00eancia, pois a valida\u00e7\u00e3o do modelo como ferramenta de explica\u00e7\u00e3o de um fen\u00f4meno permite que se possa ser replicado e testado em outros contextos, ambientes e plataformas nas diversas \u00e1reas do conhecimento. Como lacuna, fica posto que a literatura ainda care\u00e7a de amplia\u00e7\u00e3o do n\u00famero de estudos que abordem quest\u00f5es de Gest\u00e3o do Conhecimento e que envolvam o Contexto Capacitante.<\/p>\n\n\n\n<p>#Autismo #Gest\u00e3oDaInforma\u00e7\u00e3o #Gest\u00e3oDoConhecimento<\/p>\n\n\n\n<p>Dispon\u00edvel em: <a href=\"https:\/\/repositorio.ufmg.br\/handle\/1843\/69364\">https:\/\/repositorio.ufmg.br\/handle\/1843\/69364<\/a><\/p>\n\n\n\n<figure class=\"wp-block-image size-large\"><img data-recalc-dims=\"1\" decoding=\"async\" width=\"405\" height=\"600\" src=\"https:\/\/i0.wp.com\/www.pedroandretta.info\/index\/wp-content\/uploads\/2024\/06\/image-79.png?resize=405%2C600&#038;ssl=1\" alt=\"\" class=\"wp-image-25492\" srcset=\"https:\/\/i0.wp.com\/www.pedroandretta.info\/index\/wp-content\/uploads\/2024\/06\/image-79.png?resize=405%2C600&amp;ssl=1 405w, https:\/\/i0.wp.com\/www.pedroandretta.info\/index\/wp-content\/uploads\/2024\/06\/image-79.png?resize=203%2C300&amp;ssl=1 203w, https:\/\/i0.wp.com\/www.pedroandretta.info\/index\/wp-content\/uploads\/2024\/06\/image-79.png?w=504&amp;ssl=1 504w\" sizes=\"(max-width: 405px) 100vw, 405px\" \/><\/figure>\n","protected":false},"excerpt":{"rendered":"<p>Gest\u00e3o da Informa\u00e7\u00e3o e do Conhecimento em redes sociais virtuais: proposi\u00e7\u00e3o de um modelo explicativo para busca de informa\u00e7\u00e3o e gera\u00e7\u00e3o de conhecimento para lidar com o autismo Pode-se concluir que ficou demonstrada a import\u00e2ncia da contribui\u00e7\u00e3o do modelo para a sociedade, uma vez que descreve teoricamente o percurso dos indiv\u00edduos para obten\u00e7\u00e3o de conhecimento,<\/p><\/div>\n<div class=\"blog-btn\"><a href=\"https:\/\/www.pedroandretta.info\/index\/2024\/06\/gestao-da-informacao-e-do-conhecimento-em-redes-sociais-virtuais-proposicao-de-um-modelo-explicativo-para-busca-de-informacao-e-geracao-de-conhecimento-para-lidar-com-o-autismo\/\" class=\"home-blog-btn\">Ler mais<\/a><\/p>\n","protected":false},"author":1,"featured_media":0,"comment_status":"open","ping_status":"open","sticky":false,"template":"","format":"standard","meta":{"_jetpack_newsletter_access":"","_jetpack_dont_email_post_to_subs":false,"_jetpack_newsletter_tier_id":0,"_jetpack_memberships_contains_paywalled_content":false,"_jetpack_feature_clip_id":0,"_jetpack_memberships_contains_paid_content":false,"footnotes":"","jetpack_publicize_message":"","jetpack_publicize_feature_enabled":true,"jetpack_social_post_already_shared":true,"jetpack_social_options":{"image_generator_settings":{"template":"highway","default_image_id":0,"font":"","enabled":false},"version":2},"jetpack_post_was_ever_published":false},"categories":[21],"tags":[1532,248,609],"class_list":["post-25491","post","type-post","status-publish","format-standard","hentry","category-informeci","tag-autismo","tag-gestaodainformacao","tag-gestaodoconhecimento"],"jetpack_publicize_connections":[],"jetpack_featured_media_url":"","views":"","jetpack_sharing_enabled":true,"_links":{"self":[{"href":"https:\/\/www.pedroandretta.info\/index\/wp-json\/wp\/v2\/posts\/25491","targetHints":{"allow":["GET"]}}],"collection":[{"href":"https:\/\/www.pedroandretta.info\/index\/wp-json\/wp\/v2\/posts"}],"about":[{"href":"https:\/\/www.pedroandretta.info\/index\/wp-json\/wp\/v2\/types\/post"}],"author":[{"embeddable":true,"href":"https:\/\/www.pedroandretta.info\/index\/wp-json\/wp\/v2\/users\/1"}],"replies":[{"embeddable":true,"href":"https:\/\/www.pedroandretta.info\/index\/wp-json\/wp\/v2\/comments?post=25491"}],"version-history":[{"count":0,"href":"https:\/\/www.pedroandretta.info\/index\/wp-json\/wp\/v2\/posts\/25491\/revisions"}],"wp:attachment":[{"href":"https:\/\/www.pedroandretta.info\/index\/wp-json\/wp\/v2\/media?parent=25491"}],"wp:term":[{"taxonomy":"category","embeddable":true,"href":"https:\/\/www.pedroandretta.info\/index\/wp-json\/wp\/v2\/categories?post=25491"},{"taxonomy":"post_tag","embeddable":true,"href":"https:\/\/www.pedroandretta.info\/index\/wp-json\/wp\/v2\/tags?post=25491"}],"curies":[{"name":"wp","href":"https:\/\/api.w.org\/{rel}","templated":true}]}}