{"id":25525,"date":"2024-06-28T12:33:58","date_gmt":"2024-06-28T16:33:58","guid":{"rendered":"https:\/\/www.pedroandretta.info\/index\/?p=25525"},"modified":"2024-06-28T12:34:02","modified_gmt":"2024-06-28T16:34:02","slug":"governo-e-servidores-federais-da-educacao-assinam-acordo-para-encerrar-greve","status":"publish","type":"post","link":"https:\/\/www.pedroandretta.info\/index\/2024\/06\/governo-e-servidores-federais-da-educacao-assinam-acordo-para-encerrar-greve\/","title":{"rendered":"Governo e servidores federais da educa\u00e7\u00e3o assinam acordo para encerrar greve"},"content":{"rendered":"\n<p><strong>Governo e servidores federais da educa\u00e7\u00e3o assinam acordo para encerrar greve<\/strong><\/p>\n\n\n\n<p>A proposta acatada pelos professores das universidades e institutos federais prev\u00ea a reestrutura\u00e7\u00e3o da carreira, com ganhos de 9%, em janeiro de 2025; e 3,5%, em maio de 2026.<\/p>\n\n\n\n<p>Para os t\u00e9cnicos das universidades e institutos federais, o reajuste ficou em 9% em 2025 e 5% em 2026.<\/p>\n\n\n\n<p>#Greve<\/p>\n\n\n\n<p>via G1<\/p>\n\n\n\n<p>Dispon\u00edvel em: <a href=\"https:\/\/g1.globo.com\/economia\/noticia\/2024\/06\/27\/governo-e-servidores-federais-da-educacao-assinam-acordo-para-encerrar-greve.ghtml\">https:\/\/g1.globo.com\/economia\/noticia\/2024\/06\/27\/governo-e-servidores-federais-da-educacao-assinam-acordo-para-encerrar-greve.ghtml<\/a><\/p>\n","protected":false},"excerpt":{"rendered":"<p>Governo e servidores federais da educa\u00e7\u00e3o assinam acordo para encerrar greve A proposta acatada pelos professores das universidades e institutos federais prev\u00ea a reestrutura\u00e7\u00e3o da carreira, com ganhos de 9%, em janeiro de 2025; e 3,5%, em maio de 2026. Para os t\u00e9cnicos das universidades e institutos federais, o reajuste ficou em 9% em 2025<\/p><\/div>\n<div class=\"blog-btn\"><a href=\"https:\/\/www.pedroandretta.info\/index\/2024\/06\/governo-e-servidores-federais-da-educacao-assinam-acordo-para-encerrar-greve\/\" class=\"home-blog-btn\">Ler mais<\/a><\/p>\n","protected":false},"author":1,"featured_media":0,"comment_status":"open","ping_status":"open","sticky":false,"template":"","format":"standard","meta":{"_jetpack_memberships_contains_paid_content":false,"footnotes":"","jetpack_publicize_message":"","jetpack_publicize_feature_enabled":true,"jetpack_social_post_already_shared":true,"jetpack_social_options":{"image_generator_settings":{"template":"highway","default_image_id":0,"font":"","enabled":false},"version":2}},"categories":[21],"tags":[3686],"class_list":["post-25525","post","type-post","status-publish","format-standard","hentry","category-informeci","tag-greve"],"jetpack_publicize_connections":[],"jetpack_featured_media_url":"","views":"","jetpack_sharing_enabled":true,"_links":{"self":[{"href":"https:\/\/www.pedroandretta.info\/index\/wp-json\/wp\/v2\/posts\/25525","targetHints":{"allow":["GET"]}}],"collection":[{"href":"https:\/\/www.pedroandretta.info\/index\/wp-json\/wp\/v2\/posts"}],"about":[{"href":"https:\/\/www.pedroandretta.info\/index\/wp-json\/wp\/v2\/types\/post"}],"author":[{"embeddable":true,"href":"https:\/\/www.pedroandretta.info\/index\/wp-json\/wp\/v2\/users\/1"}],"replies":[{"embeddable":true,"href":"https:\/\/www.pedroandretta.info\/index\/wp-json\/wp\/v2\/comments?post=25525"}],"version-history":[{"count":0,"href":"https:\/\/www.pedroandretta.info\/index\/wp-json\/wp\/v2\/posts\/25525\/revisions"}],"wp:attachment":[{"href":"https:\/\/www.pedroandretta.info\/index\/wp-json\/wp\/v2\/media?parent=25525"}],"wp:term":[{"taxonomy":"category","embeddable":true,"href":"https:\/\/www.pedroandretta.info\/index\/wp-json\/wp\/v2\/categories?post=25525"},{"taxonomy":"post_tag","embeddable":true,"href":"https:\/\/www.pedroandretta.info\/index\/wp-json\/wp\/v2\/tags?post=25525"}],"curies":[{"name":"wp","href":"https:\/\/api.w.org\/{rel}","templated":true}]}}