{"id":25527,"date":"2024-06-28T12:35:59","date_gmt":"2024-06-28T16:35:59","guid":{"rendered":"https:\/\/www.pedroandretta.info\/index\/?p=25527"},"modified":"2024-06-28T12:36:27","modified_gmt":"2024-06-28T16:36:27","slug":"inteligencia-artificial-e-desinformacao-fragilidades-e-riscos","status":"publish","type":"post","link":"https:\/\/www.pedroandretta.info\/index\/2024\/06\/inteligencia-artificial-e-desinformacao-fragilidades-e-riscos\/","title":{"rendered":"Intelig\u00eancia Artificial e desinforma\u00e7\u00e3o: fragilidades e riscos"},"content":{"rendered":"\n<p><strong>Intelig\u00eancia Artificial e desinforma\u00e7\u00e3o: fragilidades e riscos<\/strong><\/p>\n\n\n\n<p>Sem regras claras e a servi\u00e7o de big techs, a tecnologia de intelig\u00eancia artificial tende a ser tamb\u00e9m pouco criteriosa, contribuindo, a exemplo do que aconteceu com as redes sociais, n\u00e3o para ser um espa\u00e7o de democratiza\u00e7\u00e3o e gera\u00e7\u00e3o de conhecimento, mas para a polariza\u00e7\u00e3o extremada de pensamento e prolifera\u00e7\u00e3o de desinforma\u00e7\u00e3o. Neste ritmo, ser\u00e1 quest\u00e3o de tempo para que se perceba que os sistemas de geradores de linguagem natural n\u00e3o s\u00e3o t\u00e3o confi\u00e1veis.<\/p>\n\n\n\n<p>#IA #Desinforma\u00e7\u00e3o<\/p>\n\n\n\n<p>via Observat\u00f3rio da Imprensa<\/p>\n\n\n\n<p>Dispon\u00edvel em: <a href=\"https:\/\/www.observatoriodaimprensa.com.br\/tecnologia\/inteligencia-artificial-e-desinformacao-fragilidades-e-riscos\/\">https:\/\/www.observatoriodaimprensa.com.br\/tecnologia\/inteligencia-artificial-e-desinformacao-fragilidades-e-riscos\/<\/a><\/p>\n","protected":false},"excerpt":{"rendered":"<p>Intelig\u00eancia Artificial e desinforma\u00e7\u00e3o: fragilidades e riscos Sem regras claras e a servi\u00e7o de big techs, a tecnologia de intelig\u00eancia artificial tende a ser tamb\u00e9m pouco criteriosa, contribuindo, a exemplo do que aconteceu com as redes sociais, n\u00e3o para ser um espa\u00e7o de democratiza\u00e7\u00e3o e gera\u00e7\u00e3o de conhecimento, mas para a polariza\u00e7\u00e3o extremada de pensamento<\/p><\/div>\n<div class=\"blog-btn\"><a href=\"https:\/\/www.pedroandretta.info\/index\/2024\/06\/inteligencia-artificial-e-desinformacao-fragilidades-e-riscos\/\" class=\"home-blog-btn\">Ler mais<\/a><\/p>\n","protected":false},"author":1,"featured_media":0,"comment_status":"open","ping_status":"open","sticky":false,"template":"","format":"standard","meta":{"_jetpack_memberships_contains_paid_content":false,"footnotes":"","jetpack_publicize_message":"","jetpack_publicize_feature_enabled":true,"jetpack_social_post_already_shared":true,"jetpack_social_options":{"image_generator_settings":{"template":"highway","default_image_id":0,"font":"","enabled":false},"version":2}},"categories":[21],"tags":[142,1994],"class_list":["post-25527","post","type-post","status-publish","format-standard","hentry","category-informeci","tag-desinformacao","tag-inteligenciaartificial"],"jetpack_publicize_connections":[],"jetpack_featured_media_url":"","views":"","jetpack_sharing_enabled":true,"_links":{"self":[{"href":"https:\/\/www.pedroandretta.info\/index\/wp-json\/wp\/v2\/posts\/25527","targetHints":{"allow":["GET"]}}],"collection":[{"href":"https:\/\/www.pedroandretta.info\/index\/wp-json\/wp\/v2\/posts"}],"about":[{"href":"https:\/\/www.pedroandretta.info\/index\/wp-json\/wp\/v2\/types\/post"}],"author":[{"embeddable":true,"href":"https:\/\/www.pedroandretta.info\/index\/wp-json\/wp\/v2\/users\/1"}],"replies":[{"embeddable":true,"href":"https:\/\/www.pedroandretta.info\/index\/wp-json\/wp\/v2\/comments?post=25527"}],"version-history":[{"count":0,"href":"https:\/\/www.pedroandretta.info\/index\/wp-json\/wp\/v2\/posts\/25527\/revisions"}],"wp:attachment":[{"href":"https:\/\/www.pedroandretta.info\/index\/wp-json\/wp\/v2\/media?parent=25527"}],"wp:term":[{"taxonomy":"category","embeddable":true,"href":"https:\/\/www.pedroandretta.info\/index\/wp-json\/wp\/v2\/categories?post=25527"},{"taxonomy":"post_tag","embeddable":true,"href":"https:\/\/www.pedroandretta.info\/index\/wp-json\/wp\/v2\/tags?post=25527"}],"curies":[{"name":"wp","href":"https:\/\/api.w.org\/{rel}","templated":true}]}}