{"id":25578,"date":"2024-06-30T21:32:43","date_gmt":"2024-07-01T01:32:43","guid":{"rendered":"https:\/\/www.pedroandretta.info\/index\/?p=25578"},"modified":"2024-06-30T21:32:53","modified_gmt":"2024-07-01T01:32:53","slug":"perspectivas-de-atuacao-profissional-dos-bibliotecarios-bibliomar","status":"publish","type":"post","link":"https:\/\/www.pedroandretta.info\/index\/2024\/06\/perspectivas-de-atuacao-profissional-dos-bibliotecarios-bibliomar\/","title":{"rendered":"Perspectivas de atua\u00e7\u00e3o profissional dos bibliotec\u00e1rios \/ Bibliomar"},"content":{"rendered":"\n<p><strong>Perspectivas de atua\u00e7\u00e3o profissional dos bibliotec\u00e1rios: uma an\u00e1lise junto a bachar\u00e9is em Biblioteconomia pela UNIRIO, UFRJ E UFF<\/strong><\/p>\n\n\n\n<p>Apresenta dados acerca das atividades desempenhadas por 29 bibliotec\u00e1rios em diferentes espa\u00e7os de atua\u00e7\u00e3o. Conclui que bibliotec\u00e1rios t\u00eam ocupado o mercado informacional tradicional, mas tamb\u00e9m t\u00eam atuado no mercado informacional de tend\u00eancias em \u00e1reas como <em>User Experience Design<\/em>, <em>Big Data<\/em> e <em>Search Engine Optimization.<\/em><\/p>\n\n\n\n<p>#Bibliotec\u00e1rios #Atua\u00e7\u00e3oProfissional<\/p>\n\n\n\n<p>Dispon\u00edvel em: <a href=\"http:\/\/periodicoseletronicos.ufma.br\/index.php\/bibliomar\/article\/view\/21787\">http:\/\/periodicoseletronicos.ufma.br\/index.php\/bibliomar\/article\/view\/21787<\/a><\/p>\n\n\n\n<figure class=\"wp-block-image size-full\"><img data-recalc-dims=\"1\" decoding=\"async\" width=\"378\" height=\"535\" src=\"https:\/\/i0.wp.com\/www.pedroandretta.info\/index\/wp-content\/uploads\/2024\/06\/image-97.png?resize=378%2C535&#038;ssl=1\" alt=\"\" class=\"wp-image-25579\" srcset=\"https:\/\/i0.wp.com\/www.pedroandretta.info\/index\/wp-content\/uploads\/2024\/06\/image-97.png?w=378&amp;ssl=1 378w, https:\/\/i0.wp.com\/www.pedroandretta.info\/index\/wp-content\/uploads\/2024\/06\/image-97.png?resize=212%2C300&amp;ssl=1 212w\" sizes=\"(max-width: 378px) 100vw, 378px\" \/><\/figure>\n","protected":false},"excerpt":{"rendered":"<p>Perspectivas de atua\u00e7\u00e3o profissional dos bibliotec\u00e1rios: uma an\u00e1lise junto a bachar\u00e9is em Biblioteconomia pela UNIRIO, UFRJ E UFF Apresenta dados acerca das atividades desempenhadas por 29 bibliotec\u00e1rios em diferentes espa\u00e7os de atua\u00e7\u00e3o. Conclui que bibliotec\u00e1rios t\u00eam ocupado o mercado informacional tradicional, mas tamb\u00e9m t\u00eam atuado no mercado informacional de tend\u00eancias em \u00e1reas como User Experience<\/p><\/div>\n<div class=\"blog-btn\"><a href=\"https:\/\/www.pedroandretta.info\/index\/2024\/06\/perspectivas-de-atuacao-profissional-dos-bibliotecarios-bibliomar\/\" class=\"home-blog-btn\">Ler mais<\/a><\/p>\n","protected":false},"author":1,"featured_media":0,"comment_status":"open","ping_status":"open","sticky":false,"template":"","format":"standard","meta":{"_jetpack_newsletter_access":"","_jetpack_dont_email_post_to_subs":false,"_jetpack_newsletter_tier_id":0,"_jetpack_memberships_contains_paywalled_content":false,"_jetpack_feature_clip_id":0,"_jetpack_memberships_contains_paid_content":false,"footnotes":"","jetpack_publicize_message":"","jetpack_publicize_feature_enabled":true,"jetpack_social_post_already_shared":true,"jetpack_social_options":{"image_generator_settings":{"template":"highway","default_image_id":0,"font":"","enabled":false},"version":2},"jetpack_post_was_ever_published":false},"categories":[21],"tags":[1702,22],"class_list":["post-25578","post","type-post","status-publish","format-standard","hentry","category-informeci","tag-atuacaoprofissional","tag-bibliotecarios"],"jetpack_publicize_connections":[],"jetpack_featured_media_url":"","views":"","jetpack_sharing_enabled":true,"_links":{"self":[{"href":"https:\/\/www.pedroandretta.info\/index\/wp-json\/wp\/v2\/posts\/25578","targetHints":{"allow":["GET"]}}],"collection":[{"href":"https:\/\/www.pedroandretta.info\/index\/wp-json\/wp\/v2\/posts"}],"about":[{"href":"https:\/\/www.pedroandretta.info\/index\/wp-json\/wp\/v2\/types\/post"}],"author":[{"embeddable":true,"href":"https:\/\/www.pedroandretta.info\/index\/wp-json\/wp\/v2\/users\/1"}],"replies":[{"embeddable":true,"href":"https:\/\/www.pedroandretta.info\/index\/wp-json\/wp\/v2\/comments?post=25578"}],"version-history":[{"count":0,"href":"https:\/\/www.pedroandretta.info\/index\/wp-json\/wp\/v2\/posts\/25578\/revisions"}],"wp:attachment":[{"href":"https:\/\/www.pedroandretta.info\/index\/wp-json\/wp\/v2\/media?parent=25578"}],"wp:term":[{"taxonomy":"category","embeddable":true,"href":"https:\/\/www.pedroandretta.info\/index\/wp-json\/wp\/v2\/categories?post=25578"},{"taxonomy":"post_tag","embeddable":true,"href":"https:\/\/www.pedroandretta.info\/index\/wp-json\/wp\/v2\/tags?post=25578"}],"curies":[{"name":"wp","href":"https:\/\/api.w.org\/{rel}","templated":true}]}}