{"id":25603,"date":"2024-07-01T15:23:02","date_gmt":"2024-07-01T19:23:02","guid":{"rendered":"https:\/\/www.pedroandretta.info\/index\/?p=25603"},"modified":"2024-07-01T15:23:06","modified_gmt":"2024-07-01T19:23:06","slug":"explorando-a-ansiedade-da-informacao-prefacio","status":"publish","type":"post","link":"https:\/\/www.pedroandretta.info\/index\/2024\/07\/explorando-a-ansiedade-da-informacao-prefacio\/","title":{"rendered":"Explorando a ansiedade da informa\u00e7\u00e3o \/ Prefacio"},"content":{"rendered":"\n<p><strong>Explorando a ansiedade da informa\u00e7\u00e3o<\/strong><\/p>\n\n\n\n<p>A preval\u00eancia da ansiedade de informa\u00e7\u00e3o no contexto da sociedade digital n\u00e3o se limita a um setor espec\u00edfico, mas afeta os cidad\u00e3os como um todo (Bawden e Robinson, 2009). No entanto, \u00e9 imperativo dirigir a nossa aten\u00e7\u00e3o para um grupo particularmente suscet\u00edvel de vivenciar este fen\u00f4meno: os estudantes universit\u00e1rios das universidades p\u00fablicas.<\/p>\n\n\n\n<p>#AnsiedadeDeInforma\u00e7\u00e3o<\/p>\n\n\n\n<p>Dispon\u00edvel em: <a href=\"https:\/\/revistas.unc.edu.ar\/index.php\/PREFACIO\/article\/view\/45291\">https:\/\/revistas.unc.edu.ar\/index.php\/PREFACIO\/article\/view\/45291<\/a><\/p>\n\n\n\n<figure class=\"wp-block-image size-large\"><img data-recalc-dims=\"1\" decoding=\"async\" width=\"600\" height=\"418\" src=\"https:\/\/i0.wp.com\/www.pedroandretta.info\/index\/wp-content\/uploads\/2024\/07\/image-2.png?resize=600%2C418&#038;ssl=1\" alt=\"\" class=\"wp-image-25604\" srcset=\"https:\/\/i0.wp.com\/www.pedroandretta.info\/index\/wp-content\/uploads\/2024\/07\/image-2.png?resize=600%2C418&amp;ssl=1 600w, https:\/\/i0.wp.com\/www.pedroandretta.info\/index\/wp-content\/uploads\/2024\/07\/image-2.png?resize=300%2C209&amp;ssl=1 300w, https:\/\/i0.wp.com\/www.pedroandretta.info\/index\/wp-content\/uploads\/2024\/07\/image-2.png?resize=768%2C535&amp;ssl=1 768w, https:\/\/i0.wp.com\/www.pedroandretta.info\/index\/wp-content\/uploads\/2024\/07\/image-2.png?w=840&amp;ssl=1 840w\" sizes=\"(max-width: 600px) 100vw, 600px\" \/><\/figure>\n","protected":false},"excerpt":{"rendered":"<p>Explorando a ansiedade da informa\u00e7\u00e3o A preval\u00eancia da ansiedade de informa\u00e7\u00e3o no contexto da sociedade digital n\u00e3o se limita a um setor espec\u00edfico, mas afeta os cidad\u00e3os como um todo (Bawden e Robinson, 2009). No entanto, \u00e9 imperativo dirigir a nossa aten\u00e7\u00e3o para um grupo particularmente suscet\u00edvel de vivenciar este fen\u00f4meno: os estudantes universit\u00e1rios das<\/p><\/div>\n<div class=\"blog-btn\"><a href=\"https:\/\/www.pedroandretta.info\/index\/2024\/07\/explorando-a-ansiedade-da-informacao-prefacio\/\" class=\"home-blog-btn\">Ler mais<\/a><\/p>\n","protected":false},"author":1,"featured_media":0,"comment_status":"open","ping_status":"open","sticky":false,"template":"","format":"standard","meta":{"_jetpack_memberships_contains_paid_content":false,"footnotes":"","jetpack_publicize_message":"","jetpack_publicize_feature_enabled":true,"jetpack_social_post_already_shared":true,"jetpack_social_options":{"image_generator_settings":{"template":"highway","default_image_id":0,"font":"","enabled":false},"version":2}},"categories":[21],"tags":[3412],"class_list":["post-25603","post","type-post","status-publish","format-standard","hentry","category-informeci","tag-ansiedadedeinformacao"],"jetpack_publicize_connections":[],"jetpack_featured_media_url":"","views":"","jetpack_sharing_enabled":true,"_links":{"self":[{"href":"https:\/\/www.pedroandretta.info\/index\/wp-json\/wp\/v2\/posts\/25603","targetHints":{"allow":["GET"]}}],"collection":[{"href":"https:\/\/www.pedroandretta.info\/index\/wp-json\/wp\/v2\/posts"}],"about":[{"href":"https:\/\/www.pedroandretta.info\/index\/wp-json\/wp\/v2\/types\/post"}],"author":[{"embeddable":true,"href":"https:\/\/www.pedroandretta.info\/index\/wp-json\/wp\/v2\/users\/1"}],"replies":[{"embeddable":true,"href":"https:\/\/www.pedroandretta.info\/index\/wp-json\/wp\/v2\/comments?post=25603"}],"version-history":[{"count":0,"href":"https:\/\/www.pedroandretta.info\/index\/wp-json\/wp\/v2\/posts\/25603\/revisions"}],"wp:attachment":[{"href":"https:\/\/www.pedroandretta.info\/index\/wp-json\/wp\/v2\/media?parent=25603"}],"wp:term":[{"taxonomy":"category","embeddable":true,"href":"https:\/\/www.pedroandretta.info\/index\/wp-json\/wp\/v2\/categories?post=25603"},{"taxonomy":"post_tag","embeddable":true,"href":"https:\/\/www.pedroandretta.info\/index\/wp-json\/wp\/v2\/tags?post=25603"}],"curies":[{"name":"wp","href":"https:\/\/api.w.org\/{rel}","templated":true}]}}