{"id":25609,"date":"2024-07-01T15:34:33","date_gmt":"2024-07-01T19:34:33","guid":{"rendered":"https:\/\/www.pedroandretta.info\/index\/?p=25609"},"modified":"2024-07-01T15:34:38","modified_gmt":"2024-07-01T19:34:38","slug":"organizar-para-socializar-a-funcao-social-da-mediacao-documentaria-cristina-dotta-ortega","status":"publish","type":"post","link":"https:\/\/www.pedroandretta.info\/index\/2024\/07\/organizar-para-socializar-a-funcao-social-da-mediacao-documentaria-cristina-dotta-ortega\/","title":{"rendered":"Organizar para socializar: a fun\u00e7\u00e3o social da media\u00e7\u00e3o document\u00e1ria \/ Cristina Dotta Ortega"},"content":{"rendered":"\n<p><strong>Organizar para socializar: a fun\u00e7\u00e3o social da media\u00e7\u00e3o document\u00e1ria, organizado por Cristina Dotta Ortega <\/strong><\/p>\n\n\n\n<p>A organiza\u00e7\u00e3o da informa\u00e7\u00e3o \u00e9 composta por processos que s\u00e3o parte do conjunto das a\u00e7\u00f5es de media\u00e7\u00e3o entre documentos e p\u00fablicos, cujo objetivo \u00e9 o de produzir condi\u00e7\u00f5es para a apropria\u00e7\u00e3o da informa\u00e7\u00e3o por estes. Essas a\u00e7\u00f5es referem-se \u00e0 produ\u00e7\u00e3o de mensagens organizadas sistemicamente sobre objetos e seus mecanismos de navega\u00e7\u00e3o e busca, que s\u00e3o mobilizadas pela produ\u00e7\u00e3o e oferta de produtos, servi\u00e7os e demais atividades, potencializando seu acesso e uso.<\/p>\n\n\n\n<p>#LivrosCI #Media\u00e7\u00e3oDocument\u00e1ria #Biblioteconomia <\/p>\n\n\n\n<p>Dispon\u00edvel em: <a href=\"https:\/\/ebooks.marilia.unesp.br\/index.php\/lab_editorial\/catalog\/book\/444\">https:\/\/ebooks.marilia.unesp.br\/index.php\/lab_editorial\/catalog\/book\/444<\/a><\/p>\n\n\n\n<figure class=\"wp-block-image size-full\"><img data-recalc-dims=\"1\" decoding=\"async\" width=\"398\" height=\"576\" src=\"https:\/\/i0.wp.com\/www.pedroandretta.info\/index\/wp-content\/uploads\/2024\/07\/image-4.png?resize=398%2C576&#038;ssl=1\" alt=\"\" class=\"wp-image-25611\" srcset=\"https:\/\/i0.wp.com\/www.pedroandretta.info\/index\/wp-content\/uploads\/2024\/07\/image-4.png?w=398&amp;ssl=1 398w, https:\/\/i0.wp.com\/www.pedroandretta.info\/index\/wp-content\/uploads\/2024\/07\/image-4.png?resize=207%2C300&amp;ssl=1 207w\" sizes=\"(max-width: 398px) 100vw, 398px\" \/><\/figure>\n","protected":false},"excerpt":{"rendered":"<p>Organizar para socializar: a fun\u00e7\u00e3o social da media\u00e7\u00e3o document\u00e1ria, organizado por Cristina Dotta Ortega A organiza\u00e7\u00e3o da informa\u00e7\u00e3o \u00e9 composta por processos que s\u00e3o parte do conjunto das a\u00e7\u00f5es de media\u00e7\u00e3o entre documentos e p\u00fablicos, cujo objetivo \u00e9 o de produzir condi\u00e7\u00f5es para a apropria\u00e7\u00e3o da informa\u00e7\u00e3o por estes. Essas a\u00e7\u00f5es referem-se \u00e0 produ\u00e7\u00e3o de<\/p><\/div>\n<div class=\"blog-btn\"><a href=\"https:\/\/www.pedroandretta.info\/index\/2024\/07\/organizar-para-socializar-a-funcao-social-da-mediacao-documentaria-cristina-dotta-ortega\/\" class=\"home-blog-btn\">Ler mais<\/a><\/p>\n","protected":false},"author":1,"featured_media":0,"comment_status":"open","ping_status":"open","sticky":false,"template":"","format":"standard","meta":{"_jetpack_memberships_contains_paid_content":false,"footnotes":"","jetpack_publicize_message":"","jetpack_publicize_feature_enabled":true,"jetpack_social_post_already_shared":true,"jetpack_social_options":{"image_generator_settings":{"template":"highway","default_image_id":0,"font":"","enabled":false},"version":2}},"categories":[21],"tags":[33,1733,3669],"class_list":["post-25609","post","type-post","status-publish","format-standard","hentry","category-informeci","tag-biblioteconomia","tag-livrosci","tag-mediacaodocumentaria"],"jetpack_publicize_connections":[],"jetpack_featured_media_url":"","views":"","jetpack_sharing_enabled":true,"_links":{"self":[{"href":"https:\/\/www.pedroandretta.info\/index\/wp-json\/wp\/v2\/posts\/25609","targetHints":{"allow":["GET"]}}],"collection":[{"href":"https:\/\/www.pedroandretta.info\/index\/wp-json\/wp\/v2\/posts"}],"about":[{"href":"https:\/\/www.pedroandretta.info\/index\/wp-json\/wp\/v2\/types\/post"}],"author":[{"embeddable":true,"href":"https:\/\/www.pedroandretta.info\/index\/wp-json\/wp\/v2\/users\/1"}],"replies":[{"embeddable":true,"href":"https:\/\/www.pedroandretta.info\/index\/wp-json\/wp\/v2\/comments?post=25609"}],"version-history":[{"count":0,"href":"https:\/\/www.pedroandretta.info\/index\/wp-json\/wp\/v2\/posts\/25609\/revisions"}],"wp:attachment":[{"href":"https:\/\/www.pedroandretta.info\/index\/wp-json\/wp\/v2\/media?parent=25609"}],"wp:term":[{"taxonomy":"category","embeddable":true,"href":"https:\/\/www.pedroandretta.info\/index\/wp-json\/wp\/v2\/categories?post=25609"},{"taxonomy":"post_tag","embeddable":true,"href":"https:\/\/www.pedroandretta.info\/index\/wp-json\/wp\/v2\/tags?post=25609"}],"curies":[{"name":"wp","href":"https:\/\/api.w.org\/{rel}","templated":true}]}}