{"id":25753,"date":"2024-07-11T10:32:11","date_gmt":"2024-07-11T14:32:11","guid":{"rendered":"https:\/\/www.pedroandretta.info\/index\/?p=25753"},"modified":"2024-07-11T10:32:16","modified_gmt":"2024-07-11T14:32:16","slug":"pesquisadora-destaca-a-importancia-e-os-desafios-das-praticas-informacionais-entre-travestis-na-grande-vitoria-es-divulga-ci","status":"publish","type":"post","link":"https:\/\/www.pedroandretta.info\/index\/2024\/07\/pesquisadora-destaca-a-importancia-e-os-desafios-das-praticas-informacionais-entre-travestis-na-grande-vitoria-es-divulga-ci\/","title":{"rendered":"Pesquisadora destaca a import\u00e2ncia e os desafios das pr\u00e1ticas informacionais entre travestis na Grande Vit\u00f3ria (ES) \/ Divulga-CI"},"content":{"rendered":"\n<p><strong>Pesquisadora destaca a import\u00e2ncia e os desafios das pr\u00e1ticas informacionais entre travestis na Grande Vit\u00f3ria (ES)<\/strong><\/p>\n\n\n\n<p>Em que medida a identidade de g\u00eanero pode influenciar nos aspectos voltados \u00e0 busca, ao acesso, \u00e0 apropria\u00e7\u00e3o, ao uso e \u00e0 dissemina\u00e7\u00e3o da informa\u00e7\u00e3o? Historicamente alguns grupos foram negligenciados pelo acesso \u00e0 informa\u00e7\u00e3o, caracterizado por um passado associado \u00e0 marginaliza\u00e7\u00e3o e equivocadamente \u00e0 prostitui\u00e7\u00e3o, como o caso da pessoa travesti, apontando a troca informacional entre si, de modo a buscar refer\u00eancias e representa\u00e7\u00f5es a fim de existir e resistir.<\/p>\n\n\n\n<p>#Pr\u00e1ticasInformacionais<\/p>\n\n\n\n<p>via Divulga-CI<\/p>\n\n\n\n<p>Dispon\u00edvel em: <a href=\"https:\/\/www.divulgaci.labci.online\/v-2-n-6-jun-2024\/pesquisadora-destaca-a-importancia-e-os-desafios-das-praticas-informacionais-entre-travestis-na-grande-vitoria-es\/\">https:\/\/www.divulgaci.labci.online\/v-2-n-6-jun-2024\/pesquisadora-destaca-a-importancia-e-os-desafios-das-praticas-informacionais-entre-travestis-na-grande-vitoria-es\/<\/a><\/p>\n\n\n\n<figure class=\"wp-block-image size-large\"><img data-recalc-dims=\"1\" decoding=\"async\" width=\"425\" height=\"600\" src=\"https:\/\/i0.wp.com\/www.pedroandretta.info\/index\/wp-content\/uploads\/2024\/07\/image-34.png?resize=425%2C600&#038;ssl=1\" alt=\"\" class=\"wp-image-25754\" srcset=\"https:\/\/i0.wp.com\/www.pedroandretta.info\/index\/wp-content\/uploads\/2024\/07\/image-34.png?resize=425%2C600&amp;ssl=1 425w, https:\/\/i0.wp.com\/www.pedroandretta.info\/index\/wp-content\/uploads\/2024\/07\/image-34.png?resize=212%2C300&amp;ssl=1 212w, https:\/\/i0.wp.com\/www.pedroandretta.info\/index\/wp-content\/uploads\/2024\/07\/image-34.png?w=429&amp;ssl=1 429w\" sizes=\"(max-width: 425px) 100vw, 425px\" \/><\/figure>\n","protected":false},"excerpt":{"rendered":"<p>Pesquisadora destaca a import\u00e2ncia e os desafios das pr\u00e1ticas informacionais entre travestis na Grande Vit\u00f3ria (ES) Em que medida a identidade de g\u00eanero pode influenciar nos aspectos voltados \u00e0 busca, ao acesso, \u00e0 apropria\u00e7\u00e3o, ao uso e \u00e0 dissemina\u00e7\u00e3o da informa\u00e7\u00e3o? Historicamente alguns grupos foram negligenciados pelo acesso \u00e0 informa\u00e7\u00e3o, caracterizado por um passado associado<\/p><\/div>\n<div class=\"blog-btn\"><a href=\"https:\/\/www.pedroandretta.info\/index\/2024\/07\/pesquisadora-destaca-a-importancia-e-os-desafios-das-praticas-informacionais-entre-travestis-na-grande-vitoria-es-divulga-ci\/\" class=\"home-blog-btn\">Ler mais<\/a><\/p>\n","protected":false},"author":1,"featured_media":0,"comment_status":"open","ping_status":"open","sticky":false,"template":"","format":"standard","meta":{"_jetpack_memberships_contains_paid_content":false,"footnotes":"","jetpack_publicize_message":"","jetpack_publicize_feature_enabled":true,"jetpack_social_post_already_shared":true,"jetpack_social_options":{"image_generator_settings":{"template":"highway","default_image_id":0,"font":"","enabled":false},"version":2}},"categories":[21],"tags":[404],"class_list":["post-25753","post","type-post","status-publish","format-standard","hentry","category-informeci","tag-praticasinformacionais"],"jetpack_publicize_connections":[],"jetpack_featured_media_url":"","views":"","jetpack_sharing_enabled":true,"_links":{"self":[{"href":"https:\/\/www.pedroandretta.info\/index\/wp-json\/wp\/v2\/posts\/25753","targetHints":{"allow":["GET"]}}],"collection":[{"href":"https:\/\/www.pedroandretta.info\/index\/wp-json\/wp\/v2\/posts"}],"about":[{"href":"https:\/\/www.pedroandretta.info\/index\/wp-json\/wp\/v2\/types\/post"}],"author":[{"embeddable":true,"href":"https:\/\/www.pedroandretta.info\/index\/wp-json\/wp\/v2\/users\/1"}],"replies":[{"embeddable":true,"href":"https:\/\/www.pedroandretta.info\/index\/wp-json\/wp\/v2\/comments?post=25753"}],"version-history":[{"count":0,"href":"https:\/\/www.pedroandretta.info\/index\/wp-json\/wp\/v2\/posts\/25753\/revisions"}],"wp:attachment":[{"href":"https:\/\/www.pedroandretta.info\/index\/wp-json\/wp\/v2\/media?parent=25753"}],"wp:term":[{"taxonomy":"category","embeddable":true,"href":"https:\/\/www.pedroandretta.info\/index\/wp-json\/wp\/v2\/categories?post=25753"},{"taxonomy":"post_tag","embeddable":true,"href":"https:\/\/www.pedroandretta.info\/index\/wp-json\/wp\/v2\/tags?post=25753"}],"curies":[{"name":"wp","href":"https:\/\/api.w.org\/{rel}","templated":true}]}}