{"id":25759,"date":"2024-07-12T02:03:07","date_gmt":"2024-07-12T06:03:07","guid":{"rendered":"https:\/\/www.pedroandretta.info\/index\/?p=25759"},"modified":"2024-07-12T02:03:11","modified_gmt":"2024-07-12T06:03:11","slug":"cidades-sem-imprensa-local-sofrem-com-desinformacao-e-inseguranca-jornal-da-usp","status":"publish","type":"post","link":"https:\/\/www.pedroandretta.info\/index\/2024\/07\/cidades-sem-imprensa-local-sofrem-com-desinformacao-e-inseguranca-jornal-da-usp\/","title":{"rendered":"Cidades sem imprensa local sofrem com desinforma\u00e7\u00e3o e inseguran\u00e7a \/ Jornal da USP"},"content":{"rendered":"\n<p><strong>Cidades sem imprensa local sofrem com desinforma\u00e7\u00e3o e inseguran\u00e7a<\/strong><\/p>\n\n\n\n<p>Uma triste not\u00edcia: nada menos do que 78% dos munic\u00edpios brasileiros sofrem com falta de not\u00edcias locais ou com a precariedade delas. S\u00e3o cerca de 2.712 munic\u00edpios que n\u00e3o t\u00eam nenhum ve\u00edculo de comunica\u00e7\u00e3o local. Outros 1.635 munic\u00edpios possuem um ou dois ve\u00edculos de comunica\u00e7\u00e3o. Essas localidades s\u00e3o chamadas de desertos de not\u00edcias e os quase desertos.<\/p>\n\n\n\n<p>#Jornalismo #DesertoDeNot\u00edcias<\/p>\n\n\n\n<p>via Jornal da USP<\/p>\n\n\n\n<p>Dispon\u00edvel em: <a href=\"https:\/\/jornal.usp.br\/campus-ribeirao-preto\/cidades-sem-imprensa-local-sofrem-com-desinformacao-e-inseguranca\/\">https:\/\/jornal.usp.br\/campus-ribeirao-preto\/cidades-sem-imprensa-local-sofrem-com-desinformacao-e-inseguranca\/<\/a><\/p>\n","protected":false},"excerpt":{"rendered":"<p>Cidades sem imprensa local sofrem com desinforma\u00e7\u00e3o e inseguran\u00e7a Uma triste not\u00edcia: nada menos do que 78% dos munic\u00edpios brasileiros sofrem com falta de not\u00edcias locais ou com a precariedade delas. S\u00e3o cerca de 2.712 munic\u00edpios que n\u00e3o t\u00eam nenhum ve\u00edculo de comunica\u00e7\u00e3o local. Outros 1.635 munic\u00edpios possuem um ou dois ve\u00edculos de comunica\u00e7\u00e3o. Essas<\/p><\/div>\n<div class=\"blog-btn\"><a href=\"https:\/\/www.pedroandretta.info\/index\/2024\/07\/cidades-sem-imprensa-local-sofrem-com-desinformacao-e-inseguranca-jornal-da-usp\/\" class=\"home-blog-btn\">Ler mais<\/a><\/p>\n","protected":false},"author":1,"featured_media":0,"comment_status":"open","ping_status":"open","sticky":false,"template":"","format":"standard","meta":{"_jetpack_memberships_contains_paid_content":false,"footnotes":"","jetpack_publicize_message":"","jetpack_publicize_feature_enabled":true,"jetpack_social_post_already_shared":true,"jetpack_social_options":{"image_generator_settings":{"template":"highway","default_image_id":0,"font":"","enabled":false},"version":2}},"categories":[21],"tags":[3935,723],"class_list":["post-25759","post","type-post","status-publish","format-standard","hentry","category-informeci","tag-desertosdenoticias","tag-jornalismo"],"jetpack_publicize_connections":[],"jetpack_featured_media_url":"","views":"","jetpack_sharing_enabled":true,"_links":{"self":[{"href":"https:\/\/www.pedroandretta.info\/index\/wp-json\/wp\/v2\/posts\/25759","targetHints":{"allow":["GET"]}}],"collection":[{"href":"https:\/\/www.pedroandretta.info\/index\/wp-json\/wp\/v2\/posts"}],"about":[{"href":"https:\/\/www.pedroandretta.info\/index\/wp-json\/wp\/v2\/types\/post"}],"author":[{"embeddable":true,"href":"https:\/\/www.pedroandretta.info\/index\/wp-json\/wp\/v2\/users\/1"}],"replies":[{"embeddable":true,"href":"https:\/\/www.pedroandretta.info\/index\/wp-json\/wp\/v2\/comments?post=25759"}],"version-history":[{"count":0,"href":"https:\/\/www.pedroandretta.info\/index\/wp-json\/wp\/v2\/posts\/25759\/revisions"}],"wp:attachment":[{"href":"https:\/\/www.pedroandretta.info\/index\/wp-json\/wp\/v2\/media?parent=25759"}],"wp:term":[{"taxonomy":"category","embeddable":true,"href":"https:\/\/www.pedroandretta.info\/index\/wp-json\/wp\/v2\/categories?post=25759"},{"taxonomy":"post_tag","embeddable":true,"href":"https:\/\/www.pedroandretta.info\/index\/wp-json\/wp\/v2\/tags?post=25759"}],"curies":[{"name":"wp","href":"https:\/\/api.w.org\/{rel}","templated":true}]}}