{"id":25770,"date":"2024-07-12T02:20:43","date_gmt":"2024-07-12T06:20:43","guid":{"rendered":"https:\/\/www.pedroandretta.info\/index\/?p=25770"},"modified":"2024-07-12T02:20:47","modified_gmt":"2024-07-12T06:20:47","slug":"alfabetizacao-digital-na-biblioteca-publica-fortalecendo-sua-funcao-social-para-mitigar-a-exclusao-digital-ppgci-ufscar","status":"publish","type":"post","link":"https:\/\/www.pedroandretta.info\/index\/2024\/07\/alfabetizacao-digital-na-biblioteca-publica-fortalecendo-sua-funcao-social-para-mitigar-a-exclusao-digital-ppgci-ufscar\/","title":{"rendered":"Alfabetiza\u00e7\u00e3o digital na biblioteca p\u00fablica : fortalecendo sua fun\u00e7\u00e3o social para mitigar a exclus\u00e3o digital \/ PPGCI &#8211; UFSCar"},"content":{"rendered":"\n<p>Alfabetiza\u00e7\u00e3o digital na biblioteca p\u00fablica : fortalecendo sua fun\u00e7\u00e3o social para mitigar a exclus\u00e3o digital<\/p>\n\n\n\n<p>Conclui-se que, embora haja esfor\u00e7os para reduzir a exclus\u00e3o digital promovendo compet\u00eancias digitais b\u00e1sicas, \u00e9 essencial expandir o acesso \u00e0 alfabetiza\u00e7\u00e3o digital avan\u00e7ada para abordar quest\u00f5es complexas, como pensamento cr\u00edtico sobre tecnologia e impacto da intelig\u00eancia artificial.<\/p>\n\n\n\n<p>#Exclus\u00e3oDigital #Compet\u00eanciasDigitais #BibliotecasP\u00fablicas<\/p>\n\n\n\n<p>Dispon\u00edvel em: <a href=\"https:\/\/repositorio.ufscar.br\/handle\/ufscar\/19859\">https:\/\/repositorio.ufscar.br\/handle\/ufscar\/19859<\/a><\/p>\n\n\n\n<figure class=\"wp-block-image size-full\"><img data-recalc-dims=\"1\" decoding=\"async\" width=\"420\" height=\"592\" src=\"https:\/\/i0.wp.com\/www.pedroandretta.info\/index\/wp-content\/uploads\/2024\/07\/image-38.png?resize=420%2C592&#038;ssl=1\" alt=\"\" class=\"wp-image-25771\" srcset=\"https:\/\/i0.wp.com\/www.pedroandretta.info\/index\/wp-content\/uploads\/2024\/07\/image-38.png?w=420&amp;ssl=1 420w, https:\/\/i0.wp.com\/www.pedroandretta.info\/index\/wp-content\/uploads\/2024\/07\/image-38.png?resize=213%2C300&amp;ssl=1 213w\" sizes=\"(max-width: 420px) 100vw, 420px\" \/><\/figure>\n\n\n\n<p><\/p>\n","protected":false},"excerpt":{"rendered":"<p>Alfabetiza\u00e7\u00e3o digital na biblioteca p\u00fablica : fortalecendo sua fun\u00e7\u00e3o social para mitigar a exclus\u00e3o digital Conclui-se que, embora haja esfor\u00e7os para reduzir a exclus\u00e3o digital promovendo compet\u00eancias digitais b\u00e1sicas, \u00e9 essencial expandir o acesso \u00e0 alfabetiza\u00e7\u00e3o digital avan\u00e7ada para abordar quest\u00f5es complexas, como pensamento cr\u00edtico sobre tecnologia e impacto da intelig\u00eancia artificial. #Exclus\u00e3oDigital #Compet\u00eanciasDigitais #BibliotecasP\u00fablicas<\/p><\/div>\n<div class=\"blog-btn\"><a href=\"https:\/\/www.pedroandretta.info\/index\/2024\/07\/alfabetizacao-digital-na-biblioteca-publica-fortalecendo-sua-funcao-social-para-mitigar-a-exclusao-digital-ppgci-ufscar\/\" class=\"home-blog-btn\">Ler mais<\/a><\/p>\n","protected":false},"author":1,"featured_media":0,"comment_status":"open","ping_status":"open","sticky":false,"template":"","format":"standard","meta":{"_jetpack_memberships_contains_paid_content":false,"footnotes":"","jetpack_publicize_message":"","jetpack_publicize_feature_enabled":true,"jetpack_social_post_already_shared":true,"jetpack_social_options":{"image_generator_settings":{"template":"highway","default_image_id":0,"font":"","enabled":false},"version":2}},"categories":[21],"tags":[39,2918,1925],"class_list":["post-25770","post","type-post","status-publish","format-standard","hentry","category-informeci","tag-bibliotecaspublicas","tag-competenciasdigitais","tag-exclusaodigital"],"jetpack_publicize_connections":[],"jetpack_featured_media_url":"","views":"","jetpack_sharing_enabled":true,"_links":{"self":[{"href":"https:\/\/www.pedroandretta.info\/index\/wp-json\/wp\/v2\/posts\/25770","targetHints":{"allow":["GET"]}}],"collection":[{"href":"https:\/\/www.pedroandretta.info\/index\/wp-json\/wp\/v2\/posts"}],"about":[{"href":"https:\/\/www.pedroandretta.info\/index\/wp-json\/wp\/v2\/types\/post"}],"author":[{"embeddable":true,"href":"https:\/\/www.pedroandretta.info\/index\/wp-json\/wp\/v2\/users\/1"}],"replies":[{"embeddable":true,"href":"https:\/\/www.pedroandretta.info\/index\/wp-json\/wp\/v2\/comments?post=25770"}],"version-history":[{"count":0,"href":"https:\/\/www.pedroandretta.info\/index\/wp-json\/wp\/v2\/posts\/25770\/revisions"}],"wp:attachment":[{"href":"https:\/\/www.pedroandretta.info\/index\/wp-json\/wp\/v2\/media?parent=25770"}],"wp:term":[{"taxonomy":"category","embeddable":true,"href":"https:\/\/www.pedroandretta.info\/index\/wp-json\/wp\/v2\/categories?post=25770"},{"taxonomy":"post_tag","embeddable":true,"href":"https:\/\/www.pedroandretta.info\/index\/wp-json\/wp\/v2\/tags?post=25770"}],"curies":[{"name":"wp","href":"https:\/\/api.w.org\/{rel}","templated":true}]}}