{"id":25786,"date":"2024-07-12T17:02:12","date_gmt":"2024-07-12T21:02:12","guid":{"rendered":"https:\/\/www.pedroandretta.info\/index\/?p=25786"},"modified":"2024-07-12T17:02:16","modified_gmt":"2024-07-12T21:02:16","slug":"mulheres-feministas-negras-e-lesbicas-e-o-protagonismo-social-divulga-ci","status":"publish","type":"post","link":"https:\/\/www.pedroandretta.info\/index\/2024\/07\/mulheres-feministas-negras-e-lesbicas-e-o-protagonismo-social-divulga-ci\/","title":{"rendered":"Mulheres feministas negras e l\u00e9sbicas e o protagonismo social \/ Divulga-CI"},"content":{"rendered":"\n<p><strong>Mulheres feministas negras e l\u00e9sbicas e o protagonismo social<\/strong><\/p>\n\n\n\n<p>Considerar a figura da pessoa bibliotec\u00e1ria para al\u00e9m da fun\u00e7\u00e3o de profissional da informa\u00e7\u00e3o e dar a ela ferramentas para desenvolver sua fun\u00e7\u00e3o social fortalece ainda mais a comunidade. Tornando-se mediadora e facilitadora desses grupos, como tamb\u00e9m quem luta em conjunto para o desenvolvimento do protagonismo social, a partir de sua entrega, diferentes grupos podem construir suas pr\u00f3prias narrativas, com direito a representatividade e escuta em todos os lugares de direito, dever e nos quais desejem estar.<\/p>\n\n\n\n<p>#Media\u00e7\u00e3oDaInforma\u00e7\u00e3o #ProtagonismoSocial<\/p>\n\n\n\n<p>via Divulga-CI<\/p>\n\n\n\n<p>Dispon\u00edvel em: <a href=\"https:\/\/www.divulgaci.labci.online\/v-2-n-6-jun-2024\/mulheres-feministas-negras-e-lesbicas-e-o-protagonismo-social\/\">https:\/\/www.divulgaci.labci.online\/v-2-n-6-jun-2024\/mulheres-feministas-negras-e-lesbicas-e-o-protagonismo-social\/<\/a><\/p>\n\n\n\n<figure class=\"wp-block-image size-large\"><img data-recalc-dims=\"1\" decoding=\"async\" width=\"425\" height=\"600\" src=\"https:\/\/i0.wp.com\/www.pedroandretta.info\/index\/wp-content\/uploads\/2024\/07\/image-42.png?resize=425%2C600&#038;ssl=1\" alt=\"\" class=\"wp-image-25787\" srcset=\"https:\/\/i0.wp.com\/www.pedroandretta.info\/index\/wp-content\/uploads\/2024\/07\/image-42.png?resize=425%2C600&amp;ssl=1 425w, https:\/\/i0.wp.com\/www.pedroandretta.info\/index\/wp-content\/uploads\/2024\/07\/image-42.png?resize=212%2C300&amp;ssl=1 212w, https:\/\/i0.wp.com\/www.pedroandretta.info\/index\/wp-content\/uploads\/2024\/07\/image-42.png?w=429&amp;ssl=1 429w\" sizes=\"(max-width: 425px) 100vw, 425px\" \/><\/figure>\n","protected":false},"excerpt":{"rendered":"<p>Mulheres feministas negras e l\u00e9sbicas e o protagonismo social Considerar a figura da pessoa bibliotec\u00e1ria para al\u00e9m da fun\u00e7\u00e3o de profissional da informa\u00e7\u00e3o e dar a ela ferramentas para desenvolver sua fun\u00e7\u00e3o social fortalece ainda mais a comunidade. Tornando-se mediadora e facilitadora desses grupos, como tamb\u00e9m quem luta em conjunto para o desenvolvimento do protagonismo<\/p><\/div>\n<div class=\"blog-btn\"><a href=\"https:\/\/www.pedroandretta.info\/index\/2024\/07\/mulheres-feministas-negras-e-lesbicas-e-o-protagonismo-social-divulga-ci\/\" class=\"home-blog-btn\">Ler mais<\/a><\/p>\n","protected":false},"author":1,"featured_media":0,"comment_status":"open","ping_status":"open","sticky":false,"template":"","format":"standard","meta":{"_jetpack_memberships_contains_paid_content":false,"footnotes":"","jetpack_publicize_message":"","jetpack_publicize_feature_enabled":true,"jetpack_social_post_already_shared":true,"jetpack_social_options":{"image_generator_settings":{"template":"highway","default_image_id":0,"font":"","enabled":false},"version":2}},"categories":[21],"tags":[509,1858],"class_list":["post-25786","post","type-post","status-publish","format-standard","hentry","category-informeci","tag-mediacaodainformacao","tag-protagonismosocial"],"jetpack_publicize_connections":[],"jetpack_featured_media_url":"","views":"","jetpack_sharing_enabled":true,"_links":{"self":[{"href":"https:\/\/www.pedroandretta.info\/index\/wp-json\/wp\/v2\/posts\/25786","targetHints":{"allow":["GET"]}}],"collection":[{"href":"https:\/\/www.pedroandretta.info\/index\/wp-json\/wp\/v2\/posts"}],"about":[{"href":"https:\/\/www.pedroandretta.info\/index\/wp-json\/wp\/v2\/types\/post"}],"author":[{"embeddable":true,"href":"https:\/\/www.pedroandretta.info\/index\/wp-json\/wp\/v2\/users\/1"}],"replies":[{"embeddable":true,"href":"https:\/\/www.pedroandretta.info\/index\/wp-json\/wp\/v2\/comments?post=25786"}],"version-history":[{"count":0,"href":"https:\/\/www.pedroandretta.info\/index\/wp-json\/wp\/v2\/posts\/25786\/revisions"}],"wp:attachment":[{"href":"https:\/\/www.pedroandretta.info\/index\/wp-json\/wp\/v2\/media?parent=25786"}],"wp:term":[{"taxonomy":"category","embeddable":true,"href":"https:\/\/www.pedroandretta.info\/index\/wp-json\/wp\/v2\/categories?post=25786"},{"taxonomy":"post_tag","embeddable":true,"href":"https:\/\/www.pedroandretta.info\/index\/wp-json\/wp\/v2\/tags?post=25786"}],"curies":[{"name":"wp","href":"https:\/\/api.w.org\/{rel}","templated":true}]}}