{"id":25789,"date":"2024-07-12T17:05:01","date_gmt":"2024-07-12T21:05:01","guid":{"rendered":"https:\/\/www.pedroandretta.info\/index\/?p=25789"},"modified":"2024-07-12T17:05:07","modified_gmt":"2024-07-12T21:05:07","slug":"embargo-de-obras-no-repositorio-institucional-da-universidade-federal-do-amazonas-biblionline","status":"publish","type":"post","link":"https:\/\/www.pedroandretta.info\/index\/2024\/07\/embargo-de-obras-no-repositorio-institucional-da-universidade-federal-do-amazonas-biblionline\/","title":{"rendered":"Embargo de obras no reposit\u00f3rio institucional da Universidade Federal do Amazonas \/ Biblionline"},"content":{"rendered":"\n<p><strong>Embargo de obras no reposit\u00f3rio institucional da Universidade Federal do Amazonas<\/strong><\/p>\n\n\n\n<p>A partir da an\u00e1lise dos dados percebeu-se que as principais motiva\u00e7\u00f5es de solicita\u00e7\u00e3o de embargo s\u00e3o a possibilidade de publica\u00e7\u00f5es em peri\u00f3dicos de acesso restrito e processos de patenteamento, baseados, portanto, nos princ\u00edpios de exclusividade e originalidade.<\/p>\n\n\n\n<p>#Reposit\u00f3rios #Embargo<\/p>\n\n\n\n<p>Dispon\u00edvel em: <a href=\"https:\/\/periodicos.ufpb.br\/index.php\/biblio\/article\/view\/69386\">https:\/\/periodicos.ufpb.br\/index.php\/biblio\/article\/view\/69386<\/a><\/p>\n\n\n\n<figure class=\"wp-block-image size-full\"><img data-recalc-dims=\"1\" decoding=\"async\" width=\"407\" height=\"576\" src=\"https:\/\/i0.wp.com\/www.pedroandretta.info\/index\/wp-content\/uploads\/2024\/07\/image-43.png?resize=407%2C576&#038;ssl=1\" alt=\"\" class=\"wp-image-25790\" srcset=\"https:\/\/i0.wp.com\/www.pedroandretta.info\/index\/wp-content\/uploads\/2024\/07\/image-43.png?w=407&amp;ssl=1 407w, https:\/\/i0.wp.com\/www.pedroandretta.info\/index\/wp-content\/uploads\/2024\/07\/image-43.png?resize=212%2C300&amp;ssl=1 212w\" sizes=\"(max-width: 407px) 100vw, 407px\" \/><\/figure>\n","protected":false},"excerpt":{"rendered":"<p>Embargo de obras no reposit\u00f3rio institucional da Universidade Federal do Amazonas A partir da an\u00e1lise dos dados percebeu-se que as principais motiva\u00e7\u00f5es de solicita\u00e7\u00e3o de embargo s\u00e3o a possibilidade de publica\u00e7\u00f5es em peri\u00f3dicos de acesso restrito e processos de patenteamento, baseados, portanto, nos princ\u00edpios de exclusividade e originalidade. #Reposit\u00f3rios #Embargo Dispon\u00edvel em: https:\/\/periodicos.ufpb.br\/index.php\/biblio\/article\/view\/69386<\/p>\n","protected":false},"author":1,"featured_media":0,"comment_status":"open","ping_status":"open","sticky":false,"template":"","format":"standard","meta":{"_jetpack_memberships_contains_paid_content":false,"footnotes":"","jetpack_publicize_message":"","jetpack_publicize_feature_enabled":true,"jetpack_social_post_already_shared":true,"jetpack_social_options":{"image_generator_settings":{"template":"highway","default_image_id":0,"font":"","enabled":false},"version":2}},"categories":[21],"tags":[1169,244],"class_list":["post-25789","post","type-post","status-publish","format-standard","hentry","category-informeci","tag-embargo","tag-repositorios"],"jetpack_publicize_connections":[],"jetpack_featured_media_url":"","views":"","jetpack_sharing_enabled":true,"_links":{"self":[{"href":"https:\/\/www.pedroandretta.info\/index\/wp-json\/wp\/v2\/posts\/25789","targetHints":{"allow":["GET"]}}],"collection":[{"href":"https:\/\/www.pedroandretta.info\/index\/wp-json\/wp\/v2\/posts"}],"about":[{"href":"https:\/\/www.pedroandretta.info\/index\/wp-json\/wp\/v2\/types\/post"}],"author":[{"embeddable":true,"href":"https:\/\/www.pedroandretta.info\/index\/wp-json\/wp\/v2\/users\/1"}],"replies":[{"embeddable":true,"href":"https:\/\/www.pedroandretta.info\/index\/wp-json\/wp\/v2\/comments?post=25789"}],"version-history":[{"count":0,"href":"https:\/\/www.pedroandretta.info\/index\/wp-json\/wp\/v2\/posts\/25789\/revisions"}],"wp:attachment":[{"href":"https:\/\/www.pedroandretta.info\/index\/wp-json\/wp\/v2\/media?parent=25789"}],"wp:term":[{"taxonomy":"category","embeddable":true,"href":"https:\/\/www.pedroandretta.info\/index\/wp-json\/wp\/v2\/categories?post=25789"},{"taxonomy":"post_tag","embeddable":true,"href":"https:\/\/www.pedroandretta.info\/index\/wp-json\/wp\/v2\/tags?post=25789"}],"curies":[{"name":"wp","href":"https:\/\/api.w.org\/{rel}","templated":true}]}}