{"id":25807,"date":"2024-07-15T12:55:14","date_gmt":"2024-07-15T16:55:14","guid":{"rendered":"https:\/\/www.pedroandretta.info\/index\/?p=25807"},"modified":"2024-07-15T12:55:18","modified_gmt":"2024-07-15T16:55:18","slug":"criacao-de-um-scanner-aereo-para-digitalizacao-de-material-bibliografico-patrimonial-informacion-cultura-y-sociedad","status":"publish","type":"post","link":"https:\/\/www.pedroandretta.info\/index\/2024\/07\/criacao-de-um-scanner-aereo-para-digitalizacao-de-material-bibliografico-patrimonial-informacion-cultura-y-sociedad\/","title":{"rendered":"Cria\u00e7\u00e3o de um scanner a\u00e9reo para digitaliza\u00e7\u00e3o de material bibliogr\u00e1fico patrimonial \/ Informaci\u00f3n, cultura y sociedad"},"content":{"rendered":"\n<p><strong>Cria\u00e7\u00e3o de um scanner a\u00e9reo para digitaliza\u00e7\u00e3o de material bibliogr\u00e1fico patrimonial<\/strong><\/p>\n\n\n\n<p>O prot\u00f3tipo foi constru\u00eddo e validado com diferentes documentos patrimoniais da Sala de Livros Antigos e Cole\u00e7\u00f5es Especiais da Biblioteca Joaqu\u00edn Garc\u00eda Monge da Universidade Nacional (Costa Rica). Com isso, foram divulgados os planos para que qualquer unidade de informa\u00e7\u00e3o possa replicar a constru\u00e7\u00e3o do prot\u00f3tipo e ter seu pr\u00f3prio scanner a\u00e9reo a um pre\u00e7o mais acess\u00edvel.<\/p>\n\n\n\n<p>#Preserva\u00e7\u00e3oDigital #Digitaliza\u00e7\u00e3o<\/p>\n\n\n\n<p>Dispon\u00edvel em: <a href=\"http:\/\/revistascientificas.filo.uba.ar\/index.php\/ICS\/article\/view\/12954\">http:\/\/revistascientificas.filo.uba.ar\/index.php\/ICS\/article\/view\/12954<\/a><\/p>\n\n\n\n<figure class=\"wp-block-image size-full\"><img data-recalc-dims=\"1\" decoding=\"async\" width=\"411\" height=\"576\" src=\"https:\/\/i0.wp.com\/www.pedroandretta.info\/index\/wp-content\/uploads\/2024\/07\/image-47.png?resize=411%2C576&#038;ssl=1\" alt=\"\" class=\"wp-image-25808\" srcset=\"https:\/\/i0.wp.com\/www.pedroandretta.info\/index\/wp-content\/uploads\/2024\/07\/image-47.png?w=411&amp;ssl=1 411w, https:\/\/i0.wp.com\/www.pedroandretta.info\/index\/wp-content\/uploads\/2024\/07\/image-47.png?resize=214%2C300&amp;ssl=1 214w\" sizes=\"(max-width: 411px) 100vw, 411px\" \/><\/figure>\n","protected":false},"excerpt":{"rendered":"<p>Cria\u00e7\u00e3o de um scanner a\u00e9reo para digitaliza\u00e7\u00e3o de material bibliogr\u00e1fico patrimonial O prot\u00f3tipo foi constru\u00eddo e validado com diferentes documentos patrimoniais da Sala de Livros Antigos e Cole\u00e7\u00f5es Especiais da Biblioteca Joaqu\u00edn Garc\u00eda Monge da Universidade Nacional (Costa Rica). Com isso, foram divulgados os planos para que qualquer unidade de informa\u00e7\u00e3o possa replicar a constru\u00e7\u00e3o<\/p><\/div>\n<div class=\"blog-btn\"><a href=\"https:\/\/www.pedroandretta.info\/index\/2024\/07\/criacao-de-um-scanner-aereo-para-digitalizacao-de-material-bibliografico-patrimonial-informacion-cultura-y-sociedad\/\" class=\"home-blog-btn\">Ler mais<\/a><\/p>\n","protected":false},"author":1,"featured_media":0,"comment_status":"open","ping_status":"open","sticky":false,"template":"","format":"standard","meta":{"_jetpack_newsletter_access":"","_jetpack_dont_email_post_to_subs":false,"_jetpack_newsletter_tier_id":0,"_jetpack_memberships_contains_paywalled_content":false,"_jetpack_feature_clip_id":0,"_jetpack_memberships_contains_paid_content":false,"footnotes":"","jetpack_publicize_message":"","jetpack_publicize_feature_enabled":true,"jetpack_social_post_already_shared":true,"jetpack_social_options":{"image_generator_settings":{"template":"highway","default_image_id":0,"font":"","enabled":false},"version":2},"jetpack_post_was_ever_published":false},"categories":[21],"tags":[354,296],"class_list":["post-25807","post","type-post","status-publish","format-standard","hentry","category-informeci","tag-digitalizacao","tag-preservacaodigital"],"jetpack_publicize_connections":[],"jetpack_featured_media_url":"","views":"","jetpack_sharing_enabled":true,"_links":{"self":[{"href":"https:\/\/www.pedroandretta.info\/index\/wp-json\/wp\/v2\/posts\/25807","targetHints":{"allow":["GET"]}}],"collection":[{"href":"https:\/\/www.pedroandretta.info\/index\/wp-json\/wp\/v2\/posts"}],"about":[{"href":"https:\/\/www.pedroandretta.info\/index\/wp-json\/wp\/v2\/types\/post"}],"author":[{"embeddable":true,"href":"https:\/\/www.pedroandretta.info\/index\/wp-json\/wp\/v2\/users\/1"}],"replies":[{"embeddable":true,"href":"https:\/\/www.pedroandretta.info\/index\/wp-json\/wp\/v2\/comments?post=25807"}],"version-history":[{"count":0,"href":"https:\/\/www.pedroandretta.info\/index\/wp-json\/wp\/v2\/posts\/25807\/revisions"}],"wp:attachment":[{"href":"https:\/\/www.pedroandretta.info\/index\/wp-json\/wp\/v2\/media?parent=25807"}],"wp:term":[{"taxonomy":"category","embeddable":true,"href":"https:\/\/www.pedroandretta.info\/index\/wp-json\/wp\/v2\/categories?post=25807"},{"taxonomy":"post_tag","embeddable":true,"href":"https:\/\/www.pedroandretta.info\/index\/wp-json\/wp\/v2\/tags?post=25807"}],"curies":[{"name":"wp","href":"https:\/\/api.w.org\/{rel}","templated":true}]}}