{"id":2586,"date":"2019-12-15T06:53:10","date_gmt":"2019-12-15T06:53:10","guid":{"rendered":"https:\/\/www.pedroandretta.info\/index\/?p=2586"},"modified":"2019-12-15T06:53:10","modified_gmt":"2019-12-15T06:53:10","slug":"dobradinha-revista-general-de-informacion-y-documentacion-e-e-ciencias-de-la","status":"publish","type":"post","link":"https:\/\/www.pedroandretta.info\/index\/2019\/12\/dobradinha-revista-general-de-informacion-y-documentacion-e-e-ciencias-de-la\/","title":{"rendered":"Dobradinha: Revista General de Informaci\u00f3n y Documentaci\u00f3n  e \ne-Ciencias de la &#8230;"},"content":{"rendered":"<p>[ad_1]<\/p>\n<blockquote class=\"twitter-tweet\">\n<p lang=\"pt\" dir=\"ltr\">Dobradinha: Revista General de Informaci\u00f3n y Documentaci\u00f3n <a target=\"_blank\" href=\"https:\/\/t.co\/YkSBh5lAzo\" rel=\"noopener noreferrer\">https:\/\/t.co\/YkSBh5lAzo<\/a> e <br \/>e-Ciencias de la Informaci\u00f3n <a target=\"_blank\" href=\"https:\/\/t.co\/9vLPxBk6RC\" rel=\"noopener noreferrer\">https:\/\/t.co\/9vLPxBk6RC<\/a> lan\u00e7aram agora novas edi\u00e7\u00f5es! Bora ver as pesquisas em CI na Espanha e Costa Rica  <a target=\"_blank\" href=\"https:\/\/twitter.com\/hashtag\/revistasCI?src=hash&amp;ref_src=twsrc%5Etfw\" rel=\"noopener noreferrer\">#revistasCI<\/a><\/p>\n<p>&mdash; Pedro Andretta (@andretta_pedro) <a target=\"_blank\" href=\"https:\/\/twitter.com\/andretta_pedro\/status\/1206104897474703360?ref_src=twsrc%5Etfw\" rel=\"noopener noreferrer\">December 15, 2019<\/a><\/p><\/blockquote>\n<p><script async src=\"https:\/\/platform.twitter.com\/widgets.js\" charset=\"utf-8\"><\/script><\/p>\n<p>[ad_2]<br \/>\n<br \/><a href=\"https:\/\/twitter.com\/andretta_pedro\/statuses\/1206104897474703360\">Source<\/a> by <a href=\"https:\/\/t.co\/MfIsGWjH1p\">Pedro Andretta<\/a><\/p>\n","protected":false},"excerpt":{"rendered":"<p>[ad_1] Dobradinha: Revista General de Informaci\u00f3n y Documentaci\u00f3n https:\/\/t.co\/YkSBh5lAzo e e-Ciencias de la Informaci\u00f3n https:\/\/t.co\/9vLPxBk6RC lan\u00e7aram agora novas edi\u00e7\u00f5es! Bora ver as pesquisas em CI na Espanha e Costa Rica #revistasCI &mdash; Pedro Andretta (@andretta_pedro) December 15, 2019 [ad_2] Source by Pedro Andretta<\/p>\n","protected":false},"author":1,"featured_media":0,"comment_status":"closed","ping_status":"open","sticky":false,"template":"","format":"standard","meta":{"_jetpack_memberships_contains_paid_content":false,"footnotes":"","jetpack_publicize_message":"","jetpack_publicize_feature_enabled":true,"jetpack_social_post_already_shared":false,"jetpack_social_options":{"image_generator_settings":{"template":"highway","default_image_id":0,"font":"","enabled":false},"version":2}},"categories":[21],"tags":[196],"class_list":["post-2586","post","type-post","status-publish","format-standard","hentry","category-informeci","tag-revistasci"],"jetpack_publicize_connections":[],"jetpack_featured_media_url":"","views":"","jetpack_sharing_enabled":true,"_links":{"self":[{"href":"https:\/\/www.pedroandretta.info\/index\/wp-json\/wp\/v2\/posts\/2586","targetHints":{"allow":["GET"]}}],"collection":[{"href":"https:\/\/www.pedroandretta.info\/index\/wp-json\/wp\/v2\/posts"}],"about":[{"href":"https:\/\/www.pedroandretta.info\/index\/wp-json\/wp\/v2\/types\/post"}],"author":[{"embeddable":true,"href":"https:\/\/www.pedroandretta.info\/index\/wp-json\/wp\/v2\/users\/1"}],"replies":[{"embeddable":true,"href":"https:\/\/www.pedroandretta.info\/index\/wp-json\/wp\/v2\/comments?post=2586"}],"version-history":[{"count":0,"href":"https:\/\/www.pedroandretta.info\/index\/wp-json\/wp\/v2\/posts\/2586\/revisions"}],"wp:attachment":[{"href":"https:\/\/www.pedroandretta.info\/index\/wp-json\/wp\/v2\/media?parent=2586"}],"wp:term":[{"taxonomy":"category","embeddable":true,"href":"https:\/\/www.pedroandretta.info\/index\/wp-json\/wp\/v2\/categories?post=2586"},{"taxonomy":"post_tag","embeddable":true,"href":"https:\/\/www.pedroandretta.info\/index\/wp-json\/wp\/v2\/tags?post=2586"}],"curies":[{"name":"wp","href":"https:\/\/api.w.org\/{rel}","templated":true}]}}