{"id":25869,"date":"2024-07-18T11:26:50","date_gmt":"2024-07-18T15:26:50","guid":{"rendered":"https:\/\/www.pedroandretta.info\/index\/?p=25869"},"modified":"2024-07-18T11:26:54","modified_gmt":"2024-07-18T15:26:54","slug":"lancada-a-edicao-de-julho-da-divulga-ci","status":"publish","type":"post","link":"https:\/\/www.pedroandretta.info\/index\/2024\/07\/lancada-a-edicao-de-julho-da-divulga-ci\/","title":{"rendered":"Lan\u00e7ada a edi\u00e7\u00e3o de julho da Divulga-CI"},"content":{"rendered":"\n<p><strong>Lan\u00e7ada a edi\u00e7\u00e3o de julho da Divulga-CI<\/strong><\/p>\n\n\n\n<p>Na edi\u00e7\u00e3o:<\/p>\n\n\n\n<p>Editorial: As formas dos textos e o of\u00edcio dos bibliotec\u00e1rios, por Roger Chartier<br>Entrevista: Jacquelin Teresa Camperos Reyes, Suelen Camilo Ferreira e Stefanie Cavalcanti Freire<br>Perspectiva: Iaguba Djal\u00f3, Janu\u00e1rio Albino Nhacuongue, Lucas George Wendt, Doris Couto e Jeniffer Cuty<br>Inova\u00e7\u00e3o: \u201cViajar sem sair do Lugar\u201d \u2013 Projeto de remi\u00e7\u00e3o de pena por leitura, de Ricardo Vieira da Silva e L\u00e9ia Santos<br>Outras divulga\u00e7\u00f5es: As bibliotecas p\u00fablicas como lugares de mem\u00f3ria e sociabilidade, por Maur\u00edcio Jos\u00e9 Morais Costa, Bruno Fortes Luce e Maria Cleide Rodrigues Bernardino; Edi\u00e7\u00e3o atualizada da ISBD consolidada, agora em portugu\u00eas brasileiro, por Fernando Modesto e Marcos H\u00fcbner.<\/p>\n\n\n\n<p>#RevistasCI<\/p>\n\n\n\n<p>Dispon\u00edvel em: <a href=\"https:\/\/www.divulgaci.labci.online\/category\/v-2-n-7-jul-2024\/\">https:\/\/www.divulgaci.labci.online\/category\/v-2-n-7-jul-2024\/<\/a><\/p>\n\n\n\n<figure class=\"wp-block-image size-large\"><img data-recalc-dims=\"1\" decoding=\"async\" width=\"425\" height=\"600\" src=\"https:\/\/i0.wp.com\/www.pedroandretta.info\/index\/wp-content\/uploads\/2024\/07\/image-61.png?resize=425%2C600&#038;ssl=1\" alt=\"\" class=\"wp-image-25870\" srcset=\"https:\/\/i0.wp.com\/www.pedroandretta.info\/index\/wp-content\/uploads\/2024\/07\/image-61.png?resize=425%2C600&amp;ssl=1 425w, https:\/\/i0.wp.com\/www.pedroandretta.info\/index\/wp-content\/uploads\/2024\/07\/image-61.png?resize=212%2C300&amp;ssl=1 212w, https:\/\/i0.wp.com\/www.pedroandretta.info\/index\/wp-content\/uploads\/2024\/07\/image-61.png?w=429&amp;ssl=1 429w\" sizes=\"(max-width: 425px) 100vw, 425px\" \/><\/figure>\n","protected":false},"excerpt":{"rendered":"<p>Lan\u00e7ada a edi\u00e7\u00e3o de julho da Divulga-CI Na edi\u00e7\u00e3o: Editorial: As formas dos textos e o of\u00edcio dos bibliotec\u00e1rios, por Roger ChartierEntrevista: Jacquelin Teresa Camperos Reyes, Suelen Camilo Ferreira e Stefanie Cavalcanti FreirePerspectiva: Iaguba Djal\u00f3, Janu\u00e1rio Albino Nhacuongue, Lucas George Wendt, Doris Couto e Jeniffer CutyInova\u00e7\u00e3o: \u201cViajar sem sair do Lugar\u201d \u2013 Projeto de remi\u00e7\u00e3o<\/p><\/div>\n<div class=\"blog-btn\"><a href=\"https:\/\/www.pedroandretta.info\/index\/2024\/07\/lancada-a-edicao-de-julho-da-divulga-ci\/\" class=\"home-blog-btn\">Ler mais<\/a><\/p>\n","protected":false},"author":1,"featured_media":0,"comment_status":"open","ping_status":"open","sticky":false,"template":"","format":"standard","meta":{"_jetpack_memberships_contains_paid_content":false,"footnotes":"","jetpack_publicize_message":"","jetpack_publicize_feature_enabled":true,"jetpack_social_post_already_shared":true,"jetpack_social_options":{"image_generator_settings":{"template":"highway","default_image_id":0,"font":"","enabled":false},"version":2}},"categories":[21],"tags":[196],"class_list":["post-25869","post","type-post","status-publish","format-standard","hentry","category-informeci","tag-revistasci"],"jetpack_publicize_connections":[],"jetpack_featured_media_url":"","views":"","jetpack_sharing_enabled":true,"_links":{"self":[{"href":"https:\/\/www.pedroandretta.info\/index\/wp-json\/wp\/v2\/posts\/25869","targetHints":{"allow":["GET"]}}],"collection":[{"href":"https:\/\/www.pedroandretta.info\/index\/wp-json\/wp\/v2\/posts"}],"about":[{"href":"https:\/\/www.pedroandretta.info\/index\/wp-json\/wp\/v2\/types\/post"}],"author":[{"embeddable":true,"href":"https:\/\/www.pedroandretta.info\/index\/wp-json\/wp\/v2\/users\/1"}],"replies":[{"embeddable":true,"href":"https:\/\/www.pedroandretta.info\/index\/wp-json\/wp\/v2\/comments?post=25869"}],"version-history":[{"count":0,"href":"https:\/\/www.pedroandretta.info\/index\/wp-json\/wp\/v2\/posts\/25869\/revisions"}],"wp:attachment":[{"href":"https:\/\/www.pedroandretta.info\/index\/wp-json\/wp\/v2\/media?parent=25869"}],"wp:term":[{"taxonomy":"category","embeddable":true,"href":"https:\/\/www.pedroandretta.info\/index\/wp-json\/wp\/v2\/categories?post=25869"},{"taxonomy":"post_tag","embeddable":true,"href":"https:\/\/www.pedroandretta.info\/index\/wp-json\/wp\/v2\/tags?post=25869"}],"curies":[{"name":"wp","href":"https:\/\/api.w.org\/{rel}","templated":true}]}}