{"id":25885,"date":"2024-07-19T13:11:56","date_gmt":"2024-07-19T17:11:56","guid":{"rendered":"https:\/\/www.pedroandretta.info\/index\/?p=25885"},"modified":"2024-07-19T13:12:30","modified_gmt":"2024-07-19T17:12:30","slug":"a-censura-aos-livros-e-as-formas-de-resistencia-pedro-andretta","status":"publish","type":"post","link":"https:\/\/www.pedroandretta.info\/index\/2024\/07\/a-censura-aos-livros-e-as-formas-de-resistencia-pedro-andretta\/","title":{"rendered":"\u201cA censura aos livros e as formas de resist\u00eancia\u201d \/ Pedro Andretta"},"content":{"rendered":"\n<p><strong>\u201cA censura aos livros e as formas de resist\u00eancia\u201d \/ Pedro Andretta<\/strong><\/p>\n\n\n\n<p>Para quem se interessar: slides apresentados em minha apresenta\u00e7\u00e3o &#8220;A censura aos livros e as formas de resist\u00eancia\u201d na Semana Acad\u00eamica de Biblioteconomia da Universidade de Caxias do Sul. Tem tamb\u00e9m no YouTube o v\u00eddeo! Vale conferir tamb\u00e9m as apresenta\u00e7\u00f5es de <a href=\"https:\/\/www.youtube.com\/watch?v=mS6IXEIHds8\">Alessandra Nunes<\/a> e <a href=\"https:\/\/www.youtube.com\/watch?v=cVXQN8RHxzM\">Ana Am\u00e9lia Martins<\/a> que tamb\u00e9m abordaram o tema da Censura no evento! <br>Fica registrado o Parab\u00e9ns aos Organizadores!<\/p>\n\n\n\n<p>#Censura #Resist\u00eancia<\/p>\n\n\n\n<p>Dispon\u00edvel em: <a href=\"https:\/\/www.pedroandretta.info\/index\/wp-content\/uploads\/2024\/07\/A-censura-aos-livros-e-as-formas-de-resistencia.pdf\">https:\/\/www.pedroandretta.info\/index\/wp-content\/uploads\/2024\/07\/A-censura-aos-livros-e-as-formas-de-resistencia.pdf<\/a><\/p>\n\n\n\n<figure class=\"wp-block-image size-large\"><img data-recalc-dims=\"1\" decoding=\"async\" width=\"600\" height=\"338\" src=\"https:\/\/i0.wp.com\/www.pedroandretta.info\/index\/wp-content\/uploads\/2024\/07\/image-64.png?resize=600%2C338&#038;ssl=1\" alt=\"\" class=\"wp-image-25887\" srcset=\"https:\/\/i0.wp.com\/www.pedroandretta.info\/index\/wp-content\/uploads\/2024\/07\/image-64.png?resize=600%2C338&amp;ssl=1 600w, https:\/\/i0.wp.com\/www.pedroandretta.info\/index\/wp-content\/uploads\/2024\/07\/image-64.png?resize=300%2C169&amp;ssl=1 300w, https:\/\/i0.wp.com\/www.pedroandretta.info\/index\/wp-content\/uploads\/2024\/07\/image-64.png?resize=768%2C432&amp;ssl=1 768w, https:\/\/i0.wp.com\/www.pedroandretta.info\/index\/wp-content\/uploads\/2024\/07\/image-64.png?w=1077&amp;ssl=1 1077w\" sizes=\"(max-width: 600px) 100vw, 600px\" \/><\/figure>\n","protected":false},"excerpt":{"rendered":"<p>\u201cA censura aos livros e as formas de resist\u00eancia\u201d \/ Pedro Andretta Para quem se interessar: slides apresentados em minha apresenta\u00e7\u00e3o &#8220;A censura aos livros e as formas de resist\u00eancia\u201d na Semana Acad\u00eamica de Biblioteconomia da Universidade de Caxias do Sul. Tem tamb\u00e9m no YouTube o v\u00eddeo! Vale conferir tamb\u00e9m as apresenta\u00e7\u00f5es de Alessandra Nunes<\/p><\/div>\n<div class=\"blog-btn\"><a href=\"https:\/\/www.pedroandretta.info\/index\/2024\/07\/a-censura-aos-livros-e-as-formas-de-resistencia-pedro-andretta\/\" class=\"home-blog-btn\">Ler mais<\/a><\/p>\n","protected":false},"author":1,"featured_media":0,"comment_status":"open","ping_status":"open","sticky":false,"template":"","format":"standard","meta":{"_jetpack_memberships_contains_paid_content":false,"footnotes":"","jetpack_publicize_message":"","jetpack_publicize_feature_enabled":true,"jetpack_social_post_already_shared":true,"jetpack_social_options":{"image_generator_settings":{"template":"highway","default_image_id":0,"font":"","enabled":false},"version":2}},"categories":[21],"tags":[168,3193],"class_list":["post-25885","post","type-post","status-publish","format-standard","hentry","category-informeci","tag-censura","tag-resistencia"],"jetpack_publicize_connections":[],"jetpack_featured_media_url":"","views":"","jetpack_sharing_enabled":true,"_links":{"self":[{"href":"https:\/\/www.pedroandretta.info\/index\/wp-json\/wp\/v2\/posts\/25885","targetHints":{"allow":["GET"]}}],"collection":[{"href":"https:\/\/www.pedroandretta.info\/index\/wp-json\/wp\/v2\/posts"}],"about":[{"href":"https:\/\/www.pedroandretta.info\/index\/wp-json\/wp\/v2\/types\/post"}],"author":[{"embeddable":true,"href":"https:\/\/www.pedroandretta.info\/index\/wp-json\/wp\/v2\/users\/1"}],"replies":[{"embeddable":true,"href":"https:\/\/www.pedroandretta.info\/index\/wp-json\/wp\/v2\/comments?post=25885"}],"version-history":[{"count":0,"href":"https:\/\/www.pedroandretta.info\/index\/wp-json\/wp\/v2\/posts\/25885\/revisions"}],"wp:attachment":[{"href":"https:\/\/www.pedroandretta.info\/index\/wp-json\/wp\/v2\/media?parent=25885"}],"wp:term":[{"taxonomy":"category","embeddable":true,"href":"https:\/\/www.pedroandretta.info\/index\/wp-json\/wp\/v2\/categories?post=25885"},{"taxonomy":"post_tag","embeddable":true,"href":"https:\/\/www.pedroandretta.info\/index\/wp-json\/wp\/v2\/tags?post=25885"}],"curies":[{"name":"wp","href":"https:\/\/api.w.org\/{rel}","templated":true}]}}