{"id":26032,"date":"2024-07-29T11:24:35","date_gmt":"2024-07-29T15:24:35","guid":{"rendered":"https:\/\/www.pedroandretta.info\/index\/?p=26032"},"modified":"2024-07-29T11:24:40","modified_gmt":"2024-07-29T15:24:40","slug":"artefatos-indigenas-retornam-ao-brasil-apos-decadas-de-exilio-na-franca-ciencia-e-cultura","status":"publish","type":"post","link":"https:\/\/www.pedroandretta.info\/index\/2024\/07\/artefatos-indigenas-retornam-ao-brasil-apos-decadas-de-exilio-na-franca-ciencia-e-cultura\/","title":{"rendered":"Artefatos ind\u00edgenas retornam ao Brasil ap\u00f3s d\u00e9cadas de ex\u00edlio na Fran\u00e7a \/ Ci\u00eancia e Cultura"},"content":{"rendered":"\n<p><strong>Artefatos ind\u00edgenas retornam ao Brasil ap\u00f3s d\u00e9cadas de ex\u00edlio na Fran\u00e7a<\/strong><\/p>\n\n\n\n<p>Em um marco significativo para a preserva\u00e7\u00e3o e valoriza\u00e7\u00e3o da cultura ind\u00edgena brasileira, 585 artefatos de mais de 50 etnias que estavam retidos na Fran\u00e7a h\u00e1 mais de duas d\u00e9cadas est\u00e3o retornando ao Brasil. Entre os itens est\u00e3o m\u00e1scaras, cocares, mantos, adere\u00e7os, instrumentos musicais, cestarias, armas e esculturas, que ir\u00e3o compor o acervo do Museu do \u00cdndio, no Rio de Janeiro.<\/p>\n\n\n\n<p>#ArteInd\u00edgena #CulturaInd\u00edgena #MuseuDo\u00cdndio<\/p>\n\n\n\n<p>via Ci\u00eancia e Cultura<\/p>\n\n\n\n<p>Dispon\u00edvel em: <a href=\"https:\/\/revistacienciaecultura.org.br\/?p=6692\">https:\/\/revistacienciaecultura.org.br\/?p=6692<\/a><\/p>\n","protected":false},"excerpt":{"rendered":"<p>Artefatos ind\u00edgenas retornam ao Brasil ap\u00f3s d\u00e9cadas de ex\u00edlio na Fran\u00e7a Em um marco significativo para a preserva\u00e7\u00e3o e valoriza\u00e7\u00e3o da cultura ind\u00edgena brasileira, 585 artefatos de mais de 50 etnias que estavam retidos na Fran\u00e7a h\u00e1 mais de duas d\u00e9cadas est\u00e3o retornando ao Brasil. Entre os itens est\u00e3o m\u00e1scaras, cocares, mantos, adere\u00e7os, instrumentos musicais,<\/p><\/div>\n<div class=\"blog-btn\"><a href=\"https:\/\/www.pedroandretta.info\/index\/2024\/07\/artefatos-indigenas-retornam-ao-brasil-apos-decadas-de-exilio-na-franca-ciencia-e-cultura\/\" class=\"home-blog-btn\">Ler mais<\/a><\/p>\n","protected":false},"author":1,"featured_media":0,"comment_status":"open","ping_status":"open","sticky":false,"template":"","format":"standard","meta":{"_jetpack_newsletter_access":"","_jetpack_dont_email_post_to_subs":false,"_jetpack_newsletter_tier_id":0,"_jetpack_memberships_contains_paywalled_content":false,"_jetpack_feature_clip_id":0,"_jetpack_memberships_contains_paid_content":false,"footnotes":"","jetpack_publicize_message":"","jetpack_publicize_feature_enabled":true,"jetpack_social_post_already_shared":true,"jetpack_social_options":{"image_generator_settings":{"template":"highway","default_image_id":0,"font":"","enabled":false},"version":2},"jetpack_post_was_ever_published":false},"categories":[21],"tags":[2137,2674,3728],"class_list":["post-26032","post","type-post","status-publish","format-standard","hentry","category-informeci","tag-arteindigena","tag-culturaindigena","tag-museudoindio"],"jetpack_publicize_connections":[],"jetpack_featured_media_url":"","views":"","jetpack_sharing_enabled":true,"_links":{"self":[{"href":"https:\/\/www.pedroandretta.info\/index\/wp-json\/wp\/v2\/posts\/26032","targetHints":{"allow":["GET"]}}],"collection":[{"href":"https:\/\/www.pedroandretta.info\/index\/wp-json\/wp\/v2\/posts"}],"about":[{"href":"https:\/\/www.pedroandretta.info\/index\/wp-json\/wp\/v2\/types\/post"}],"author":[{"embeddable":true,"href":"https:\/\/www.pedroandretta.info\/index\/wp-json\/wp\/v2\/users\/1"}],"replies":[{"embeddable":true,"href":"https:\/\/www.pedroandretta.info\/index\/wp-json\/wp\/v2\/comments?post=26032"}],"version-history":[{"count":0,"href":"https:\/\/www.pedroandretta.info\/index\/wp-json\/wp\/v2\/posts\/26032\/revisions"}],"wp:attachment":[{"href":"https:\/\/www.pedroandretta.info\/index\/wp-json\/wp\/v2\/media?parent=26032"}],"wp:term":[{"taxonomy":"category","embeddable":true,"href":"https:\/\/www.pedroandretta.info\/index\/wp-json\/wp\/v2\/categories?post=26032"},{"taxonomy":"post_tag","embeddable":true,"href":"https:\/\/www.pedroandretta.info\/index\/wp-json\/wp\/v2\/tags?post=26032"}],"curies":[{"name":"wp","href":"https:\/\/api.w.org\/{rel}","templated":true}]}}