{"id":26176,"date":"2024-08-06T01:51:32","date_gmt":"2024-08-06T05:51:32","guid":{"rendered":"https:\/\/www.pedroandretta.info\/index\/?p=26176"},"modified":"2024-08-06T01:51:55","modified_gmt":"2024-08-06T05:51:55","slug":"bibliometria-alem-das-citacoes-introduzindo-extracao-e-analise-de-mencoes-scientometrics","status":"publish","type":"post","link":"https:\/\/www.pedroandretta.info\/index\/2024\/08\/bibliometria-alem-das-citacoes-introduzindo-extracao-e-analise-de-mencoes-scientometrics\/","title":{"rendered":"Bibliometria al\u00e9m das cita\u00e7\u00f5es: introduzindo extra\u00e7\u00e3o e an\u00e1lise de men\u00e7\u00f5es \/ Scientometrics"},"content":{"rendered":"\n<p><strong>Bibliometria al\u00e9m das cita\u00e7\u00f5es: introduzindo extra\u00e7\u00e3o e an\u00e1lise de men\u00e7\u00f5es<\/strong><\/p>\n\n\n\n<p>A pr\u00e1tica de referenciar , que pretende reconhecer as fontes de contribui\u00e7\u00f5es externas incorporadas nos textos, sejam essas fontes outros textos ou outros estudiosos, \u00e9 muito mais antiga do que a inven\u00e7\u00e3o das cita\u00e7\u00f5es modernas: pode ser rastreada at\u00e9 os primeiros est\u00e1gios da erudi\u00e7\u00e3o. Arist\u00f3teles (384-322 a.C.), por exemplo, j\u00e1 se referiu a antecessores como Dem\u00f3crito e Emp\u00e9docles na sua Metaf\u00edsica. Isto abre a possibilidade de aplicar uma forma mais generalizada de an\u00e1lise de cita\u00e7\u00f5es a toda a hist\u00f3ria da ci\u00eancia e dos estudos, se for utilizado um conceito de refer\u00eancia adequadamente mais amplo.<\/p>\n\n\n\n<p>#Bibliometria #Cita\u00e7\u00e3o<\/p>\n\n\n\n<p>Dispon\u00edvel em: <a href=\"https:\/\/link.springer.com\/article\/10.1007\/s11192-024-05116-x\">https:\/\/link.springer.com\/article\/10.1007\/s11192-024-05116-x<\/a><\/p>\n\n\n\n<figure class=\"wp-block-image size-large\"><img data-recalc-dims=\"1\" decoding=\"async\" width=\"396\" height=\"600\" src=\"https:\/\/i0.wp.com\/www.pedroandretta.info\/index\/wp-content\/uploads\/2024\/08\/image-20.png?resize=396%2C600&#038;ssl=1\" alt=\"\" class=\"wp-image-26177\" srcset=\"https:\/\/i0.wp.com\/www.pedroandretta.info\/index\/wp-content\/uploads\/2024\/08\/image-20.png?resize=396%2C600&amp;ssl=1 396w, https:\/\/i0.wp.com\/www.pedroandretta.info\/index\/wp-content\/uploads\/2024\/08\/image-20.png?resize=198%2C300&amp;ssl=1 198w, https:\/\/i0.wp.com\/www.pedroandretta.info\/index\/wp-content\/uploads\/2024\/08\/image-20.png?w=400&amp;ssl=1 400w\" sizes=\"(max-width: 396px) 100vw, 396px\" \/><\/figure>\n","protected":false},"excerpt":{"rendered":"<p>Bibliometria al\u00e9m das cita\u00e7\u00f5es: introduzindo extra\u00e7\u00e3o e an\u00e1lise de men\u00e7\u00f5es A pr\u00e1tica de referenciar , que pretende reconhecer as fontes de contribui\u00e7\u00f5es externas incorporadas nos textos, sejam essas fontes outros textos ou outros estudiosos, \u00e9 muito mais antiga do que a inven\u00e7\u00e3o das cita\u00e7\u00f5es modernas: pode ser rastreada at\u00e9 os primeiros est\u00e1gios da erudi\u00e7\u00e3o. Arist\u00f3teles<\/p><\/div>\n<div class=\"blog-btn\"><a href=\"https:\/\/www.pedroandretta.info\/index\/2024\/08\/bibliometria-alem-das-citacoes-introduzindo-extracao-e-analise-de-mencoes-scientometrics\/\" class=\"home-blog-btn\">Ler mais<\/a><\/p>\n","protected":false},"author":1,"featured_media":0,"comment_status":"open","ping_status":"open","sticky":false,"template":"","format":"standard","meta":{"_jetpack_memberships_contains_paid_content":false,"footnotes":"","jetpack_publicize_message":"","jetpack_publicize_feature_enabled":true,"jetpack_social_post_already_shared":true,"jetpack_social_options":{"image_generator_settings":{"template":"highway","default_image_id":0,"font":"","enabled":false},"version":2}},"categories":[21],"tags":[217,993],"class_list":["post-26176","post","type-post","status-publish","format-standard","hentry","category-informeci","tag-bibliometria","tag-citacao"],"jetpack_publicize_connections":[],"jetpack_featured_media_url":"","views":"","jetpack_sharing_enabled":true,"_links":{"self":[{"href":"https:\/\/www.pedroandretta.info\/index\/wp-json\/wp\/v2\/posts\/26176","targetHints":{"allow":["GET"]}}],"collection":[{"href":"https:\/\/www.pedroandretta.info\/index\/wp-json\/wp\/v2\/posts"}],"about":[{"href":"https:\/\/www.pedroandretta.info\/index\/wp-json\/wp\/v2\/types\/post"}],"author":[{"embeddable":true,"href":"https:\/\/www.pedroandretta.info\/index\/wp-json\/wp\/v2\/users\/1"}],"replies":[{"embeddable":true,"href":"https:\/\/www.pedroandretta.info\/index\/wp-json\/wp\/v2\/comments?post=26176"}],"version-history":[{"count":0,"href":"https:\/\/www.pedroandretta.info\/index\/wp-json\/wp\/v2\/posts\/26176\/revisions"}],"wp:attachment":[{"href":"https:\/\/www.pedroandretta.info\/index\/wp-json\/wp\/v2\/media?parent=26176"}],"wp:term":[{"taxonomy":"category","embeddable":true,"href":"https:\/\/www.pedroandretta.info\/index\/wp-json\/wp\/v2\/categories?post=26176"},{"taxonomy":"post_tag","embeddable":true,"href":"https:\/\/www.pedroandretta.info\/index\/wp-json\/wp\/v2\/tags?post=26176"}],"curies":[{"name":"wp","href":"https:\/\/api.w.org\/{rel}","templated":true}]}}