{"id":26179,"date":"2024-08-06T01:56:58","date_gmt":"2024-08-06T05:56:58","guid":{"rendered":"https:\/\/www.pedroandretta.info\/index\/?p=26179"},"modified":"2024-08-06T01:57:44","modified_gmt":"2024-08-06T05:57:44","slug":"a-terceirizacao-da-guarda-e-da-gestao-de-documentos-na-prefeitura-de-belo-horizonte-e-suas-implicacoes-na-gestao-difusao-e-acesso-ppgci-ufmg","status":"publish","type":"post","link":"https:\/\/www.pedroandretta.info\/index\/2024\/08\/a-terceirizacao-da-guarda-e-da-gestao-de-documentos-na-prefeitura-de-belo-horizonte-e-suas-implicacoes-na-gestao-difusao-e-acesso-ppgci-ufmg\/","title":{"rendered":"A terceiriza\u00e7\u00e3o da guarda e da gest\u00e3o de documentos na Prefeitura de Belo Horizonte e suas implica\u00e7\u00f5es na gest\u00e3o, difus\u00e3o e acesso \/ PPGCI &#8211; UFMG"},"content":{"rendered":"\n<p><strong>A terceiriza\u00e7\u00e3o da guarda e da gest\u00e3o de documentos na Prefeitura de Belo Horizonte e suas implica\u00e7\u00f5es na gest\u00e3o, difus\u00e3o e acesso<\/strong><\/p>\n\n\n\n<p>Concluise que a terceiriza\u00e7\u00e3o da guarda e da gest\u00e3o de documento n\u00e3o tem sido um processo vantajoso para a administra\u00e7\u00e3o municipal e sociedade. Contudo, caso ocorra a terceiriza\u00e7\u00e3o, o Arquivo P\u00fablico da Cidade de Belo Horizonte deve ser consultado quando do planejamento, contrata\u00e7\u00e3o e gerenciamento de servi\u00e7os de guarda e gest\u00e3o de documentos. Os contratos referentes a tais servi\u00e7os n\u00e3o devem incluir documentos que n\u00e3o estejam classificados e avaliados, e os prazos de guarda e destina\u00e7\u00f5es finais estabelecidos na tabela de temporalidade da Prefeitura devem ser levados em conta durante o tempo que os documentos estiverem em guarda terceirizada.<\/p>\n\n\n\n<p>#Terceriza\u00e7\u00e3o #ArquivosP\u00fablicos<\/p>\n\n\n\n<p>Dispon\u00edvel em: <a href=\"https:\/\/repositorio.ufmg.br\/handle\/1843\/72627\">https:\/\/repositorio.ufmg.br\/handle\/1843\/72627<\/a><\/p>\n\n\n\n<figure class=\"wp-block-image size-full\"><img data-recalc-dims=\"1\" decoding=\"async\" width=\"416\" height=\"589\" src=\"https:\/\/i0.wp.com\/www.pedroandretta.info\/index\/wp-content\/uploads\/2024\/08\/image-21.png?resize=416%2C589&#038;ssl=1\" alt=\"\" class=\"wp-image-26180\" srcset=\"https:\/\/i0.wp.com\/www.pedroandretta.info\/index\/wp-content\/uploads\/2024\/08\/image-21.png?w=416&amp;ssl=1 416w, https:\/\/i0.wp.com\/www.pedroandretta.info\/index\/wp-content\/uploads\/2024\/08\/image-21.png?resize=212%2C300&amp;ssl=1 212w\" sizes=\"(max-width: 416px) 100vw, 416px\" \/><\/figure>\n","protected":false},"excerpt":{"rendered":"<p>A terceiriza\u00e7\u00e3o da guarda e da gest\u00e3o de documentos na Prefeitura de Belo Horizonte e suas implica\u00e7\u00f5es na gest\u00e3o, difus\u00e3o e acesso Concluise que a terceiriza\u00e7\u00e3o da guarda e da gest\u00e3o de documento n\u00e3o tem sido um processo vantajoso para a administra\u00e7\u00e3o municipal e sociedade. Contudo, caso ocorra a terceiriza\u00e7\u00e3o, o Arquivo P\u00fablico da Cidade<\/p><\/div>\n<div class=\"blog-btn\"><a href=\"https:\/\/www.pedroandretta.info\/index\/2024\/08\/a-terceirizacao-da-guarda-e-da-gestao-de-documentos-na-prefeitura-de-belo-horizonte-e-suas-implicacoes-na-gestao-difusao-e-acesso-ppgci-ufmg\/\" class=\"home-blog-btn\">Ler mais<\/a><\/p>\n","protected":false},"author":1,"featured_media":0,"comment_status":"open","ping_status":"open","sticky":false,"template":"","format":"standard","meta":{"_jetpack_memberships_contains_paid_content":false,"footnotes":"","jetpack_publicize_message":"","jetpack_publicize_feature_enabled":true,"jetpack_social_post_already_shared":true,"jetpack_social_options":{"image_generator_settings":{"template":"highway","default_image_id":0,"font":"","enabled":false},"version":2}},"categories":[21],"tags":[2373,3731],"class_list":["post-26179","post","type-post","status-publish","format-standard","hentry","category-informeci","tag-arquivospublicos","tag-tercerizacao"],"jetpack_publicize_connections":[],"jetpack_featured_media_url":"","views":"","jetpack_sharing_enabled":true,"_links":{"self":[{"href":"https:\/\/www.pedroandretta.info\/index\/wp-json\/wp\/v2\/posts\/26179","targetHints":{"allow":["GET"]}}],"collection":[{"href":"https:\/\/www.pedroandretta.info\/index\/wp-json\/wp\/v2\/posts"}],"about":[{"href":"https:\/\/www.pedroandretta.info\/index\/wp-json\/wp\/v2\/types\/post"}],"author":[{"embeddable":true,"href":"https:\/\/www.pedroandretta.info\/index\/wp-json\/wp\/v2\/users\/1"}],"replies":[{"embeddable":true,"href":"https:\/\/www.pedroandretta.info\/index\/wp-json\/wp\/v2\/comments?post=26179"}],"version-history":[{"count":0,"href":"https:\/\/www.pedroandretta.info\/index\/wp-json\/wp\/v2\/posts\/26179\/revisions"}],"wp:attachment":[{"href":"https:\/\/www.pedroandretta.info\/index\/wp-json\/wp\/v2\/media?parent=26179"}],"wp:term":[{"taxonomy":"category","embeddable":true,"href":"https:\/\/www.pedroandretta.info\/index\/wp-json\/wp\/v2\/categories?post=26179"},{"taxonomy":"post_tag","embeddable":true,"href":"https:\/\/www.pedroandretta.info\/index\/wp-json\/wp\/v2\/tags?post=26179"}],"curies":[{"name":"wp","href":"https:\/\/api.w.org\/{rel}","templated":true}]}}