{"id":26188,"date":"2024-08-07T11:14:16","date_gmt":"2024-08-07T15:14:16","guid":{"rendered":"https:\/\/www.pedroandretta.info\/index\/?p=26188"},"modified":"2024-08-07T11:14:16","modified_gmt":"2024-08-07T15:14:16","slug":"sbpc-expressa-preocupacoes-sobre-o-plano-brasileiro-de-inteligencia-artificial-sbpc","status":"publish","type":"post","link":"https:\/\/www.pedroandretta.info\/index\/2024\/08\/sbpc-expressa-preocupacoes-sobre-o-plano-brasileiro-de-inteligencia-artificial-sbpc\/","title":{"rendered":"SBPC expressa preocupa\u00e7\u00f5es sobre o Plano Brasileiro de Intelig\u00eancia Artificial \/ SBPC"},"content":{"rendered":"\n<p><strong>SBPC expressa preocupa\u00e7\u00f5es sobre o Plano Brasileiro de Intelig\u00eancia Artificial<\/strong><\/p>\n\n\n\n<p>A SBPC enfatizou a necessidade de um foco maior no impacto social, especialmente no campo da educa\u00e7\u00e3o, no qual a IA pode comprometer o papel formador dos professores. Al\u00e9m disso, a institui\u00e7\u00e3o pleiteia a cria\u00e7\u00e3o de uma Ouvidoria eficiente para lidar com abusos relacionados \u00e0 IA e sugere melhorias na governan\u00e7a e no monitoramento de programas educacionais, como o Fundo de Financiamento ao Estudante do Ensino Superior (Fies) e o Programa Universidade Para Todos (Prouni).<\/p>\n\n\n\n<p>#IA #Educa\u00e7\u00e3o<\/p>\n\n\n\n<p>via SBPC<\/p>\n\n\n\n<p>Dispon\u00edvel em: <a href=\"http:\/\/www.jornaldaciencia.org.br\/sbpc-expressa-preocupacoes-sobre-o-plano-brasileiro-de-inteligencia-artificial-pbia\/\">http:\/\/www.jornaldaciencia.org.br\/sbpc-expressa-preocupacoes-sobre-o-plano-brasileiro-de-inteligencia-artificial-pbia\/<\/a><\/p>\n\n\n\n<figure class=\"wp-block-image size-large\"><img data-recalc-dims=\"1\" decoding=\"async\" width=\"425\" height=\"600\" src=\"https:\/\/i0.wp.com\/www.pedroandretta.info\/index\/wp-content\/uploads\/2024\/08\/image-24.png?resize=425%2C600&#038;ssl=1\" alt=\"\" class=\"wp-image-26189\" srcset=\"https:\/\/i0.wp.com\/www.pedroandretta.info\/index\/wp-content\/uploads\/2024\/08\/image-24.png?resize=425%2C600&amp;ssl=1 425w, https:\/\/i0.wp.com\/www.pedroandretta.info\/index\/wp-content\/uploads\/2024\/08\/image-24.png?resize=212%2C300&amp;ssl=1 212w, https:\/\/i0.wp.com\/www.pedroandretta.info\/index\/wp-content\/uploads\/2024\/08\/image-24.png?w=429&amp;ssl=1 429w\" sizes=\"(max-width: 425px) 100vw, 425px\" \/><\/figure>\n","protected":false},"excerpt":{"rendered":"<p>SBPC expressa preocupa\u00e7\u00f5es sobre o Plano Brasileiro de Intelig\u00eancia Artificial A SBPC enfatizou a necessidade de um foco maior no impacto social, especialmente no campo da educa\u00e7\u00e3o, no qual a IA pode comprometer o papel formador dos professores. Al\u00e9m disso, a institui\u00e7\u00e3o pleiteia a cria\u00e7\u00e3o de uma Ouvidoria eficiente para lidar com abusos relacionados \u00e0<\/p><\/div>\n<div class=\"blog-btn\"><a href=\"https:\/\/www.pedroandretta.info\/index\/2024\/08\/sbpc-expressa-preocupacoes-sobre-o-plano-brasileiro-de-inteligencia-artificial-sbpc\/\" class=\"home-blog-btn\">Ler mais<\/a><\/p>\n","protected":false},"author":1,"featured_media":0,"comment_status":"open","ping_status":"open","sticky":false,"template":"","format":"standard","meta":{"_jetpack_memberships_contains_paid_content":false,"footnotes":"","jetpack_publicize_message":"","jetpack_publicize_feature_enabled":true,"jetpack_social_post_already_shared":true,"jetpack_social_options":{"image_generator_settings":{"template":"highway","default_image_id":0,"font":"","enabled":false},"version":2}},"categories":[21],"tags":[45,1994],"class_list":["post-26188","post","type-post","status-publish","format-standard","hentry","category-informeci","tag-educacao","tag-inteligenciaartificial"],"jetpack_publicize_connections":[],"jetpack_featured_media_url":"","views":"","jetpack_sharing_enabled":true,"_links":{"self":[{"href":"https:\/\/www.pedroandretta.info\/index\/wp-json\/wp\/v2\/posts\/26188","targetHints":{"allow":["GET"]}}],"collection":[{"href":"https:\/\/www.pedroandretta.info\/index\/wp-json\/wp\/v2\/posts"}],"about":[{"href":"https:\/\/www.pedroandretta.info\/index\/wp-json\/wp\/v2\/types\/post"}],"author":[{"embeddable":true,"href":"https:\/\/www.pedroandretta.info\/index\/wp-json\/wp\/v2\/users\/1"}],"replies":[{"embeddable":true,"href":"https:\/\/www.pedroandretta.info\/index\/wp-json\/wp\/v2\/comments?post=26188"}],"version-history":[{"count":0,"href":"https:\/\/www.pedroandretta.info\/index\/wp-json\/wp\/v2\/posts\/26188\/revisions"}],"wp:attachment":[{"href":"https:\/\/www.pedroandretta.info\/index\/wp-json\/wp\/v2\/media?parent=26188"}],"wp:term":[{"taxonomy":"category","embeddable":true,"href":"https:\/\/www.pedroandretta.info\/index\/wp-json\/wp\/v2\/categories?post=26188"},{"taxonomy":"post_tag","embeddable":true,"href":"https:\/\/www.pedroandretta.info\/index\/wp-json\/wp\/v2\/tags?post=26188"}],"curies":[{"name":"wp","href":"https:\/\/api.w.org\/{rel}","templated":true}]}}