{"id":26242,"date":"2024-08-09T18:25:19","date_gmt":"2024-08-09T22:25:19","guid":{"rendered":"https:\/\/www.pedroandretta.info\/index\/?p=26242"},"modified":"2024-08-09T18:25:23","modified_gmt":"2024-08-09T22:25:23","slug":"gestao-da-informacao-patrimonio-documental-e-museus-reflexoes-e-diretrizes-acerca-da-gestao-ppgci-ufsc","status":"publish","type":"post","link":"https:\/\/www.pedroandretta.info\/index\/2024\/08\/gestao-da-informacao-patrimonio-documental-e-museus-reflexoes-e-diretrizes-acerca-da-gestao-ppgci-ufsc\/","title":{"rendered":"Gest\u00e3o da informa\u00e7\u00e3o, patrim\u00f4nio documental e museus: reflex\u00f5es e diretrizes acerca da gest\u00e3o \/ PPGCI &#8211; UFSC"},"content":{"rendered":"\n<p><strong>Gest\u00e3o da informa\u00e7\u00e3o, patrim\u00f4nio documental e museus: reflex\u00f5es e diretrizes acerca da gest\u00e3o<\/strong><\/p>\n\n\n\n<p>O problema central da pesquisa \u00e9 como realizar a GI em acervos documentais de museus para categoriza\u00e7\u00e3o, conserva\u00e7\u00e3o e acesso ao patrim\u00f4nio documental? Para que isto seja respondido foi pensando como objetivo geral desenvolver um modelo de gest\u00e3o do patrim\u00f4nio documental que englobe crit\u00e9rios organizacionais e informacionais para museus. Esse objetivo leva em considera\u00e7\u00e3o o aspecto simb\u00f3lico do patrim\u00f4nio, as vertentes te\u00f3ricas acerca do que se pode considerar acervo documental e a necessidade de t\u00e9cnicas respons\u00e1veis e sens\u00edveis a este objeto t\u00e3o complexo.\u00a0<\/p>\n\n\n\n<p>#Gest\u00e3oDaInforma\u00e7\u00e3o #Patrim\u00f4nioDocumental #Museus<\/p>\n\n\n\n<p>Dispon\u00edvel em: <a href=\"https:\/\/repositorio.ufsc.br\/handle\/123456789\/257149\">https:\/\/repositorio.ufsc.br\/handle\/123456789\/257149<\/a><\/p>\n\n\n\n<figure class=\"wp-block-image size-large\"><img data-recalc-dims=\"1\" decoding=\"async\" width=\"391\" height=\"600\" src=\"https:\/\/i0.wp.com\/www.pedroandretta.info\/index\/wp-content\/uploads\/2024\/08\/image-38.png?resize=391%2C600&#038;ssl=1\" alt=\"\" class=\"wp-image-26243\" srcset=\"https:\/\/i0.wp.com\/www.pedroandretta.info\/index\/wp-content\/uploads\/2024\/08\/image-38.png?resize=391%2C600&amp;ssl=1 391w, https:\/\/i0.wp.com\/www.pedroandretta.info\/index\/wp-content\/uploads\/2024\/08\/image-38.png?resize=195%2C300&amp;ssl=1 195w, https:\/\/i0.wp.com\/www.pedroandretta.info\/index\/wp-content\/uploads\/2024\/08\/image-38.png?w=463&amp;ssl=1 463w\" sizes=\"(max-width: 391px) 100vw, 391px\" \/><\/figure>\n","protected":false},"excerpt":{"rendered":"<p>Gest\u00e3o da informa\u00e7\u00e3o, patrim\u00f4nio documental e museus: reflex\u00f5es e diretrizes acerca da gest\u00e3o O problema central da pesquisa \u00e9 como realizar a GI em acervos documentais de museus para categoriza\u00e7\u00e3o, conserva\u00e7\u00e3o e acesso ao patrim\u00f4nio documental? Para que isto seja respondido foi pensando como objetivo geral desenvolver um modelo de gest\u00e3o do patrim\u00f4nio documental que<\/p><\/div>\n<div class=\"blog-btn\"><a href=\"https:\/\/www.pedroandretta.info\/index\/2024\/08\/gestao-da-informacao-patrimonio-documental-e-museus-reflexoes-e-diretrizes-acerca-da-gestao-ppgci-ufsc\/\" class=\"home-blog-btn\">Ler mais<\/a><\/p>\n","protected":false},"author":1,"featured_media":0,"comment_status":"open","ping_status":"open","sticky":false,"template":"","format":"standard","meta":{"_jetpack_memberships_contains_paid_content":false,"footnotes":"","jetpack_publicize_message":"","jetpack_publicize_feature_enabled":true,"jetpack_social_post_already_shared":true,"jetpack_social_options":{"image_generator_settings":{"template":"highway","default_image_id":0,"font":"","enabled":false},"version":2}},"categories":[21],"tags":[248,34,1762],"class_list":["post-26242","post","type-post","status-publish","format-standard","hentry","category-informeci","tag-gestaodainformacao","tag-museus","tag-patrimoniodocumental"],"jetpack_publicize_connections":[],"jetpack_featured_media_url":"","views":"","jetpack_sharing_enabled":true,"_links":{"self":[{"href":"https:\/\/www.pedroandretta.info\/index\/wp-json\/wp\/v2\/posts\/26242","targetHints":{"allow":["GET"]}}],"collection":[{"href":"https:\/\/www.pedroandretta.info\/index\/wp-json\/wp\/v2\/posts"}],"about":[{"href":"https:\/\/www.pedroandretta.info\/index\/wp-json\/wp\/v2\/types\/post"}],"author":[{"embeddable":true,"href":"https:\/\/www.pedroandretta.info\/index\/wp-json\/wp\/v2\/users\/1"}],"replies":[{"embeddable":true,"href":"https:\/\/www.pedroandretta.info\/index\/wp-json\/wp\/v2\/comments?post=26242"}],"version-history":[{"count":0,"href":"https:\/\/www.pedroandretta.info\/index\/wp-json\/wp\/v2\/posts\/26242\/revisions"}],"wp:attachment":[{"href":"https:\/\/www.pedroandretta.info\/index\/wp-json\/wp\/v2\/media?parent=26242"}],"wp:term":[{"taxonomy":"category","embeddable":true,"href":"https:\/\/www.pedroandretta.info\/index\/wp-json\/wp\/v2\/categories?post=26242"},{"taxonomy":"post_tag","embeddable":true,"href":"https:\/\/www.pedroandretta.info\/index\/wp-json\/wp\/v2\/tags?post=26242"}],"curies":[{"name":"wp","href":"https:\/\/api.w.org\/{rel}","templated":true}]}}