{"id":26307,"date":"2024-08-14T09:57:18","date_gmt":"2024-08-14T13:57:18","guid":{"rendered":"https:\/\/www.pedroandretta.info\/index\/?p=26307"},"modified":"2024-08-14T09:57:23","modified_gmt":"2024-08-14T13:57:23","slug":"abordando-censura-integridade-da-informacao-questoes-indigenas-e-ia-no-forum-global-de-informacao-no-mexico-ifla","status":"publish","type":"post","link":"https:\/\/www.pedroandretta.info\/index\/2024\/08\/abordando-censura-integridade-da-informacao-questoes-indigenas-e-ia-no-forum-global-de-informacao-no-mexico-ifla\/","title":{"rendered":"Abordando censura, integridade da informa\u00e7\u00e3o, quest\u00f5es ind\u00edgenas e IA no F\u00f3rum Global de Informa\u00e7\u00e3o no M\u00e9xico \/ IFLA"},"content":{"rendered":"\n<p><strong>Abordando censura, integridade da informa\u00e7\u00e3o, quest\u00f5es ind\u00edgenas e IA no F\u00f3rum Global de Informa\u00e7\u00e3o no M\u00e9xico \/ IFLA<\/strong><\/p>\n\n\n\n<p>O F\u00f3rum Global MexINFO ocorreu na semana passada na Universidade Nacional Aut\u00f4noma do M\u00e9xico (UNAM), na Cidade do M\u00e9xico, e foi organizado pelo Instituto de Pesquisa de Bibliotecas e Informa\u00e7\u00e3o (IIBI) da universidade, em colabora\u00e7\u00e3o com o Comit\u00ea Consultivo da IFLA sobre Liberdade de Acesso \u00e0 Informa\u00e7\u00e3o e Liberdade de Express\u00e3o (FAIFE). O evento foi dividido em quatro simp\u00f3sios e semin\u00e1rios liderados pelo Comit\u00ea da Divis\u00e3o Regional da Am\u00e9rica Latina e Caribe da IFLA, pelos Grupos de Interesse Especial de Usu\u00e1rios de Intelig\u00eancia Artificial e LGBTQ+, pelas Se\u00e7\u00f5es de Assuntos Ind\u00edgenas e Gest\u00e3o de Associa\u00e7\u00f5es de Bibliotecas e pelo Comit\u00ea Consultivo sobre Direitos Autorais e outras Se\u00e7\u00f5es Jur\u00eddicas.<\/p>\n\n\n\n<p>#Tend\u00eancias #Biblioteconomia #Censura #IntegridadeEmPesquisa #PovosInd\u00edgenas #IA<\/p>\n\n\n\n<p>Dispon\u00edvel em: <a href=\"https:\/\/www.ifla.org\/news\/addressing-censorship-information-integrity-indigenous-matters-and-ai-at-the-mexican-information-global-forum\/\">https:\/\/www.ifla.org\/news\/addressing-censorship-information-integrity-indigenous-matters-and-ai-at-the-mexican-information-global-forum\/<\/a><\/p>\n","protected":false},"excerpt":{"rendered":"<p>Abordando censura, integridade da informa\u00e7\u00e3o, quest\u00f5es ind\u00edgenas e IA no F\u00f3rum Global de Informa\u00e7\u00e3o no M\u00e9xico \/ IFLA O F\u00f3rum Global MexINFO ocorreu na semana passada na Universidade Nacional Aut\u00f4noma do M\u00e9xico (UNAM), na Cidade do M\u00e9xico, e foi organizado pelo Instituto de Pesquisa de Bibliotecas e Informa\u00e7\u00e3o (IIBI) da universidade, em colabora\u00e7\u00e3o com o<\/p><\/div>\n<div class=\"blog-btn\"><a href=\"https:\/\/www.pedroandretta.info\/index\/2024\/08\/abordando-censura-integridade-da-informacao-questoes-indigenas-e-ia-no-forum-global-de-informacao-no-mexico-ifla\/\" class=\"home-blog-btn\">Ler mais<\/a><\/p>\n","protected":false},"author":1,"featured_media":0,"comment_status":"open","ping_status":"open","sticky":false,"template":"","format":"standard","meta":{"_jetpack_memberships_contains_paid_content":false,"footnotes":"","jetpack_publicize_message":"","jetpack_publicize_feature_enabled":true,"jetpack_social_post_already_shared":true,"jetpack_social_options":{"image_generator_settings":{"template":"highway","default_image_id":0,"font":"","enabled":false},"version":2}},"categories":[21],"tags":[33,168,3709,1719,2700,707],"class_list":["post-26307","post","type-post","status-publish","format-standard","hentry","category-informeci","tag-biblioteconomia","tag-censura","tag-integridadedainformacao","tag-integridadeempesquisa","tag-povosindigenas","tag-tendencias"],"jetpack_publicize_connections":[],"jetpack_featured_media_url":"","views":"","jetpack_sharing_enabled":true,"_links":{"self":[{"href":"https:\/\/www.pedroandretta.info\/index\/wp-json\/wp\/v2\/posts\/26307","targetHints":{"allow":["GET"]}}],"collection":[{"href":"https:\/\/www.pedroandretta.info\/index\/wp-json\/wp\/v2\/posts"}],"about":[{"href":"https:\/\/www.pedroandretta.info\/index\/wp-json\/wp\/v2\/types\/post"}],"author":[{"embeddable":true,"href":"https:\/\/www.pedroandretta.info\/index\/wp-json\/wp\/v2\/users\/1"}],"replies":[{"embeddable":true,"href":"https:\/\/www.pedroandretta.info\/index\/wp-json\/wp\/v2\/comments?post=26307"}],"version-history":[{"count":0,"href":"https:\/\/www.pedroandretta.info\/index\/wp-json\/wp\/v2\/posts\/26307\/revisions"}],"wp:attachment":[{"href":"https:\/\/www.pedroandretta.info\/index\/wp-json\/wp\/v2\/media?parent=26307"}],"wp:term":[{"taxonomy":"category","embeddable":true,"href":"https:\/\/www.pedroandretta.info\/index\/wp-json\/wp\/v2\/categories?post=26307"},{"taxonomy":"post_tag","embeddable":true,"href":"https:\/\/www.pedroandretta.info\/index\/wp-json\/wp\/v2\/tags?post=26307"}],"curies":[{"name":"wp","href":"https:\/\/api.w.org\/{rel}","templated":true}]}}