{"id":26308,"date":"2024-08-14T09:55:49","date_gmt":"2024-08-14T13:55:49","guid":{"rendered":"https:\/\/www.pedroandretta.info\/index\/?p=26308"},"modified":"2024-08-14T09:55:59","modified_gmt":"2024-08-14T13:55:59","slug":"resistencia-e-conhecimento-dos-povos-indigenas-no-combate-as-mudancas-climaticas-ciencia-cultura","status":"publish","type":"post","link":"https:\/\/www.pedroandretta.info\/index\/2024\/08\/resistencia-e-conhecimento-dos-povos-indigenas-no-combate-as-mudancas-climaticas-ciencia-cultura\/","title":{"rendered":"Resist\u00eancia e conhecimento dos povos ind\u00edgenas no combate \u00e0s mudan\u00e7as clim\u00e1ticas \/ Ci\u00eancia &amp; Cultura"},"content":{"rendered":"\n<p><strong>Resist\u00eancia e conhecimento dos povos ind\u00edgenas no combate \u00e0s mudan\u00e7as clim\u00e1ticas<\/strong><\/p>\n\n\n\n<p>Os povos ind\u00edgenas, que representam cerca de 6% da popula\u00e7\u00e3o mundial, s\u00e3o reconhecidos pelo secret\u00e1rio-geral da ONU como \u201cguardas do conhecimento e das tradi\u00e7\u00f5es\u201d essenciais para a prote\u00e7\u00e3o de algumas das \u00e1reas mais biodiversas do planeta. No entanto, essa popula\u00e7\u00e3o enfrenta amea\u00e7as e viol\u00eancia constantes, especialmente em regi\u00f5es onde atividades como minera\u00e7\u00e3o, agricultura e transporte intensificam o desmatamento e a degrada\u00e7\u00e3o dos solos.<\/p>\n\n\n\n<p>#PovosInd\u00edgenas<\/p>\n\n\n\n<p>via Ci\u00eancia &amp; Cultura<\/p>\n\n\n\n<p>Dispon\u00edvel em: <a href=\"https:\/\/revistacienciaecultura.org.br\/?p=6847\">https:\/\/revistacienciaecultura.org.br\/?p=6847<\/a><\/p>\n","protected":false},"excerpt":{"rendered":"<p>Resist\u00eancia e conhecimento dos povos ind\u00edgenas no combate \u00e0s mudan\u00e7as clim\u00e1ticas Os povos ind\u00edgenas, que representam cerca de 6% da popula\u00e7\u00e3o mundial, s\u00e3o reconhecidos pelo secret\u00e1rio-geral da ONU como \u201cguardas do conhecimento e das tradi\u00e7\u00f5es\u201d essenciais para a prote\u00e7\u00e3o de algumas das \u00e1reas mais biodiversas do planeta. No entanto, essa popula\u00e7\u00e3o enfrenta amea\u00e7as e viol\u00eancia<\/p><\/div>\n<div class=\"blog-btn\"><a href=\"https:\/\/www.pedroandretta.info\/index\/2024\/08\/resistencia-e-conhecimento-dos-povos-indigenas-no-combate-as-mudancas-climaticas-ciencia-cultura\/\" class=\"home-blog-btn\">Ler mais<\/a><\/p>\n","protected":false},"author":1,"featured_media":0,"comment_status":"open","ping_status":"open","sticky":false,"template":"","format":"standard","meta":{"_jetpack_memberships_contains_paid_content":false,"footnotes":"","jetpack_publicize_message":"","jetpack_publicize_feature_enabled":true,"jetpack_social_post_already_shared":true,"jetpack_social_options":{"image_generator_settings":{"template":"highway","default_image_id":0,"font":"","enabled":false},"version":2}},"categories":[21],"tags":[2700],"class_list":["post-26308","post","type-post","status-publish","format-standard","hentry","category-informeci","tag-povosindigenas"],"jetpack_publicize_connections":[],"jetpack_featured_media_url":"","views":"","jetpack_sharing_enabled":true,"_links":{"self":[{"href":"https:\/\/www.pedroandretta.info\/index\/wp-json\/wp\/v2\/posts\/26308","targetHints":{"allow":["GET"]}}],"collection":[{"href":"https:\/\/www.pedroandretta.info\/index\/wp-json\/wp\/v2\/posts"}],"about":[{"href":"https:\/\/www.pedroandretta.info\/index\/wp-json\/wp\/v2\/types\/post"}],"author":[{"embeddable":true,"href":"https:\/\/www.pedroandretta.info\/index\/wp-json\/wp\/v2\/users\/1"}],"replies":[{"embeddable":true,"href":"https:\/\/www.pedroandretta.info\/index\/wp-json\/wp\/v2\/comments?post=26308"}],"version-history":[{"count":0,"href":"https:\/\/www.pedroandretta.info\/index\/wp-json\/wp\/v2\/posts\/26308\/revisions"}],"wp:attachment":[{"href":"https:\/\/www.pedroandretta.info\/index\/wp-json\/wp\/v2\/media?parent=26308"}],"wp:term":[{"taxonomy":"category","embeddable":true,"href":"https:\/\/www.pedroandretta.info\/index\/wp-json\/wp\/v2\/categories?post=26308"},{"taxonomy":"post_tag","embeddable":true,"href":"https:\/\/www.pedroandretta.info\/index\/wp-json\/wp\/v2\/tags?post=26308"}],"curies":[{"name":"wp","href":"https:\/\/api.w.org\/{rel}","templated":true}]}}