{"id":2645,"date":"2019-12-08T08:04:13","date_gmt":"2019-12-08T08:04:13","guid":{"rendered":"https:\/\/www.pedroandretta.info\/index\/?p=2645"},"modified":"2019-12-08T08:04:13","modified_gmt":"2019-12-08T08:04:13","slug":"olha-que-trabalho-bacana-analises-de-palavras-chave-como-fonte-de-dados-para-o","status":"publish","type":"post","link":"https:\/\/www.pedroandretta.info\/index\/2019\/12\/olha-que-trabalho-bacana-analises-de-palavras-chave-como-fonte-de-dados-para-o\/","title":{"rendered":"Olha que trabalho bacana! \u201cAn\u00e1lises de Palavras-chave como Fonte de Dados para O&#8230;"},"content":{"rendered":"<p>[ad_1]<\/p>\n<blockquote class=\"twitter-tweet\">\n<p lang=\"pt\" dir=\"ltr\">Olha que trabalho bacana! \u201cAn\u00e1lises de Palavras-chave como Fonte de Dados para Obten\u00e7\u00e3o de Conhecimento Sobre a Evolu\u00e7\u00e3o da <a target=\"_blank\" href=\"https:\/\/twitter.com\/hashtag\/Ci%C3%AAncia?src=hash&amp;ref_src=twsrc%5Etfw\" rel=\"noopener noreferrer\">#Ci\u00eancia<\/a> \u201d D\u00e1 pra adaptar as fontes e pensar os interesses na CI do Brasil! \u00d3timo tema de TCC, hein?! Algu\u00e9m? Bora trabalhar \ud83e\udd29 \ud83d\udcdd?! <a target=\"_blank\" href=\"https:\/\/t.co\/r12R0crOmY\" rel=\"noopener noreferrer\">https:\/\/t.co\/r12R0crOmY<\/a><\/p>\n<p>&mdash; Pedro Andretta (@andretta_pedro) <a target=\"_blank\" href=\"https:\/\/twitter.com\/andretta_pedro\/status\/1203586060871180288?ref_src=twsrc%5Etfw\" rel=\"noopener noreferrer\">December 8, 2019<\/a><\/p><\/blockquote>\n<p><script async src=\"https:\/\/platform.twitter.com\/widgets.js\" charset=\"utf-8\"><\/script><\/p>\n<p>[ad_2]<br \/>\n<br \/><a href=\"https:\/\/twitter.com\/andretta_pedro\/statuses\/1203586060871180288\">Source<\/a> by <a href=\"https:\/\/t.co\/MfIsGWjH1p\">Pedro Andretta<\/a><\/p>\n","protected":false},"excerpt":{"rendered":"<p>[ad_1] Olha que trabalho bacana! \u201cAn\u00e1lises de Palavras-chave como Fonte de Dados para Obten\u00e7\u00e3o de Conhecimento Sobre a Evolu\u00e7\u00e3o da #Ci\u00eancia \u201d D\u00e1 pra adaptar as fontes e pensar os interesses na CI do Brasil! \u00d3timo tema de TCC, hein?! Algu\u00e9m? Bora trabalhar \ud83e\udd29 \ud83d\udcdd?! https:\/\/t.co\/r12R0crOmY &mdash; Pedro Andretta (@andretta_pedro) December 8, 2019 [ad_2] Source<\/p><\/div>\n<div class=\"blog-btn\"><a href=\"https:\/\/www.pedroandretta.info\/index\/2019\/12\/olha-que-trabalho-bacana-analises-de-palavras-chave-como-fonte-de-dados-para-o\/\" class=\"home-blog-btn\">Ler mais<\/a><\/p>\n","protected":false},"author":1,"featured_media":0,"comment_status":"closed","ping_status":"open","sticky":false,"template":"","format":"standard","meta":{"_jetpack_memberships_contains_paid_content":false,"footnotes":"","jetpack_publicize_message":"","jetpack_publicize_feature_enabled":true,"jetpack_social_post_already_shared":false,"jetpack_social_options":{"image_generator_settings":{"template":"highway","default_image_id":0,"font":"","enabled":false},"version":2}},"categories":[21],"tags":[128],"class_list":["post-2645","post","type-post","status-publish","format-standard","hentry","category-informeci","tag-ciencia"],"jetpack_publicize_connections":[],"jetpack_featured_media_url":"","views":"","jetpack_sharing_enabled":true,"_links":{"self":[{"href":"https:\/\/www.pedroandretta.info\/index\/wp-json\/wp\/v2\/posts\/2645","targetHints":{"allow":["GET"]}}],"collection":[{"href":"https:\/\/www.pedroandretta.info\/index\/wp-json\/wp\/v2\/posts"}],"about":[{"href":"https:\/\/www.pedroandretta.info\/index\/wp-json\/wp\/v2\/types\/post"}],"author":[{"embeddable":true,"href":"https:\/\/www.pedroandretta.info\/index\/wp-json\/wp\/v2\/users\/1"}],"replies":[{"embeddable":true,"href":"https:\/\/www.pedroandretta.info\/index\/wp-json\/wp\/v2\/comments?post=2645"}],"version-history":[{"count":0,"href":"https:\/\/www.pedroandretta.info\/index\/wp-json\/wp\/v2\/posts\/2645\/revisions"}],"wp:attachment":[{"href":"https:\/\/www.pedroandretta.info\/index\/wp-json\/wp\/v2\/media?parent=2645"}],"wp:term":[{"taxonomy":"category","embeddable":true,"href":"https:\/\/www.pedroandretta.info\/index\/wp-json\/wp\/v2\/categories?post=2645"},{"taxonomy":"post_tag","embeddable":true,"href":"https:\/\/www.pedroandretta.info\/index\/wp-json\/wp\/v2\/tags?post=2645"}],"curies":[{"name":"wp","href":"https:\/\/api.w.org\/{rel}","templated":true}]}}