{"id":2647,"date":"2019-12-09T03:45:28","date_gmt":"2019-12-09T03:45:28","guid":{"rendered":"https:\/\/www.pedroandretta.info\/index\/?p=2647"},"modified":"2019-12-09T03:45:28","modified_gmt":"2019-12-09T03:45:28","slug":"queria-muito-ir-v-coloquio-internacional-da-rede-mussi-25-e-26-de-junho-de-2020","status":"publish","type":"post","link":"https:\/\/www.pedroandretta.info\/index\/2019\/12\/queria-muito-ir-v-coloquio-internacional-da-rede-mussi-25-e-26-de-junho-de-2020\/","title":{"rendered":"Queria muito ir V Col\u00f3quio Internacional da Rede Mussi (25 e 26 de junho de 2020&#8230;"},"content":{"rendered":"<p>[ad_1]<\/p>\n<blockquote class=\"twitter-tweet\">\n<p lang=\"pt\" dir=\"ltr\">Queria muito ir V Col\u00f3quio Internacional da Rede Mussi (25 e 26 de junho de 2020 no Rio). O tema ser\u00e1 \u201cA <a target=\"_blank\" href=\"https:\/\/twitter.com\/hashtag\/media%C3%A7%C3%A3o?src=hash&amp;ref_src=twsrc%5Etfw\" rel=\"noopener noreferrer\">#media\u00e7\u00e3o<\/a> dos saberes em perspectiva: mem\u00f3ria e constru\u00e7\u00e3o social das pr\u00e1ticas e dos dispositivos info-comunicacionais.\u201d. Envio de resumo at\u00e9 13\/01!\ud83d\ude31 <a target=\"_blank\" href=\"https:\/\/t.co\/b4KtHzSzDJ\" rel=\"noopener noreferrer\">https:\/\/t.co\/b4KtHzSzDJ<\/a><\/p>\n<p>&mdash; Pedro Andretta (@andretta_pedro) <a target=\"_blank\" href=\"https:\/\/twitter.com\/andretta_pedro\/status\/1203883334973165576?ref_src=twsrc%5Etfw\" rel=\"noopener noreferrer\">December 9, 2019<\/a><\/p><\/blockquote>\n<p><script async src=\"https:\/\/platform.twitter.com\/widgets.js\" charset=\"utf-8\"><\/script><\/p>\n<p>[ad_2]<br \/>\n<br \/><a href=\"https:\/\/twitter.com\/andretta_pedro\/statuses\/1203883334973165576\">Source<\/a> by <a href=\"https:\/\/t.co\/MfIsGWjH1p\">Pedro Andretta<\/a><\/p>\n","protected":false},"excerpt":{"rendered":"<p>[ad_1] Queria muito ir V Col\u00f3quio Internacional da Rede Mussi (25 e 26 de junho de 2020 no Rio). O tema ser\u00e1 \u201cA #media\u00e7\u00e3o dos saberes em perspectiva: mem\u00f3ria e constru\u00e7\u00e3o social das pr\u00e1ticas e dos dispositivos info-comunicacionais.\u201d. Envio de resumo at\u00e9 13\/01!\ud83d\ude31 https:\/\/t.co\/b4KtHzSzDJ &mdash; Pedro Andretta (@andretta_pedro) December 9, 2019 [ad_2] Source by Pedro<\/p><\/div>\n<div class=\"blog-btn\"><a href=\"https:\/\/www.pedroandretta.info\/index\/2019\/12\/queria-muito-ir-v-coloquio-internacional-da-rede-mussi-25-e-26-de-junho-de-2020\/\" class=\"home-blog-btn\">Ler mais<\/a><\/p>\n","protected":false},"author":1,"featured_media":0,"comment_status":"closed","ping_status":"open","sticky":false,"template":"","format":"standard","meta":{"_jetpack_memberships_contains_paid_content":false,"footnotes":"","jetpack_publicize_message":"","jetpack_publicize_feature_enabled":true,"jetpack_social_post_already_shared":false,"jetpack_social_options":{"image_generator_settings":{"template":"highway","default_image_id":0,"font":"","enabled":false},"version":2}},"categories":[21],"tags":[50],"class_list":["post-2647","post","type-post","status-publish","format-standard","hentry","category-informeci","tag-mediacao"],"jetpack_publicize_connections":[],"jetpack_featured_media_url":"","views":"","jetpack_sharing_enabled":true,"_links":{"self":[{"href":"https:\/\/www.pedroandretta.info\/index\/wp-json\/wp\/v2\/posts\/2647","targetHints":{"allow":["GET"]}}],"collection":[{"href":"https:\/\/www.pedroandretta.info\/index\/wp-json\/wp\/v2\/posts"}],"about":[{"href":"https:\/\/www.pedroandretta.info\/index\/wp-json\/wp\/v2\/types\/post"}],"author":[{"embeddable":true,"href":"https:\/\/www.pedroandretta.info\/index\/wp-json\/wp\/v2\/users\/1"}],"replies":[{"embeddable":true,"href":"https:\/\/www.pedroandretta.info\/index\/wp-json\/wp\/v2\/comments?post=2647"}],"version-history":[{"count":0,"href":"https:\/\/www.pedroandretta.info\/index\/wp-json\/wp\/v2\/posts\/2647\/revisions"}],"wp:attachment":[{"href":"https:\/\/www.pedroandretta.info\/index\/wp-json\/wp\/v2\/media?parent=2647"}],"wp:term":[{"taxonomy":"category","embeddable":true,"href":"https:\/\/www.pedroandretta.info\/index\/wp-json\/wp\/v2\/categories?post=2647"},{"taxonomy":"post_tag","embeddable":true,"href":"https:\/\/www.pedroandretta.info\/index\/wp-json\/wp\/v2\/tags?post=2647"}],"curies":[{"name":"wp","href":"https:\/\/api.w.org\/{rel}","templated":true}]}}