{"id":26475,"date":"2024-08-23T12:55:55","date_gmt":"2024-08-23T16:55:55","guid":{"rendered":"https:\/\/www.pedroandretta.info\/index\/?p=26475"},"modified":"2024-08-23T12:55:59","modified_gmt":"2024-08-23T16:55:59","slug":"comunicacao-academica-em-um-mundo-de-plataformas-revista-biblioteca-universitaria","status":"publish","type":"post","link":"https:\/\/www.pedroandretta.info\/index\/2024\/08\/comunicacao-academica-em-um-mundo-de-plataformas-revista-biblioteca-universitaria\/","title":{"rendered":"Comunica\u00e7\u00e3o acad\u00eamica em um mundo de plataformas \/ Revista Biblioteca Universitaria"},"content":{"rendered":"\n<p><strong>Comunica\u00e7\u00e3o acad\u00eamica em um mundo de plataformas<\/strong><\/p>\n\n\n\n<p>S\u00e3o discutidos os problemas atuais das bibliotecas universit\u00e1rias em rela\u00e7\u00e3o aos dados e metadados das revistas cient\u00edficas, considerando os estilos de comunica\u00e7\u00e3o na sociedade da informa\u00e7\u00e3o e nas economias baseadas no conhecimento. Tendo como base o crescimento exponencial da informa\u00e7\u00e3o cient\u00edfica, os desafios da profiss\u00e3o e da miss\u00e3o dos bibliotec\u00e1rios desde o per\u00edodo entre guerras, o surgimento do controle bibliogr\u00e1fico e o surgimento do MEMEX em 1945, com os problemas relacionados ao registro das informa\u00e7\u00f5es das revistas.<\/p>\n\n\n\n<p>#Comunica\u00e7\u00e3oCient\u00edfica #Plataformiza\u00e7\u00e3o #Tend\u00eancias<\/p>\n\n\n\n<p>Dispon\u00edvel em: <a href=\"https:\/\/bibliotecauniversitaria.dgb.unam.mx\/rbu\/article\/view\/1487\">https:\/\/bibliotecauniversitaria.dgb.unam.mx\/rbu\/article\/view\/1487<\/a><\/p>\n\n\n\n<figure class=\"wp-block-image size-large\"><img data-recalc-dims=\"1\" decoding=\"async\" width=\"458\" height=\"600\" src=\"https:\/\/i0.wp.com\/www.pedroandretta.info\/index\/wp-content\/uploads\/2024\/08\/image-90.png?resize=458%2C600&#038;ssl=1\" alt=\"\" class=\"wp-image-26476\" srcset=\"https:\/\/i0.wp.com\/www.pedroandretta.info\/index\/wp-content\/uploads\/2024\/08\/image-90.png?resize=458%2C600&amp;ssl=1 458w, https:\/\/i0.wp.com\/www.pedroandretta.info\/index\/wp-content\/uploads\/2024\/08\/image-90.png?resize=229%2C300&amp;ssl=1 229w, https:\/\/i0.wp.com\/www.pedroandretta.info\/index\/wp-content\/uploads\/2024\/08\/image-90.png?w=587&amp;ssl=1 587w\" sizes=\"(max-width: 458px) 100vw, 458px\" \/><\/figure>\n","protected":false},"excerpt":{"rendered":"<p>Comunica\u00e7\u00e3o acad\u00eamica em um mundo de plataformas S\u00e3o discutidos os problemas atuais das bibliotecas universit\u00e1rias em rela\u00e7\u00e3o aos dados e metadados das revistas cient\u00edficas, considerando os estilos de comunica\u00e7\u00e3o na sociedade da informa\u00e7\u00e3o e nas economias baseadas no conhecimento. Tendo como base o crescimento exponencial da informa\u00e7\u00e3o cient\u00edfica, os desafios da profiss\u00e3o e da miss\u00e3o<\/p><\/div>\n<div class=\"blog-btn\"><a href=\"https:\/\/www.pedroandretta.info\/index\/2024\/08\/comunicacao-academica-em-um-mundo-de-plataformas-revista-biblioteca-universitaria\/\" class=\"home-blog-btn\">Ler mais<\/a><\/p>\n","protected":false},"author":1,"featured_media":0,"comment_status":"open","ping_status":"open","sticky":false,"template":"","format":"standard","meta":{"_jetpack_memberships_contains_paid_content":false,"footnotes":"","jetpack_publicize_message":"","jetpack_publicize_feature_enabled":true,"jetpack_social_post_already_shared":true,"jetpack_social_options":{"image_generator_settings":{"template":"highway","default_image_id":0,"font":"","enabled":false},"version":2}},"categories":[21],"tags":[222,1519,707],"class_list":["post-26475","post","type-post","status-publish","format-standard","hentry","category-informeci","tag-comunicacaocientifica","tag-plataformizacao","tag-tendencias"],"jetpack_publicize_connections":[],"jetpack_featured_media_url":"","views":"","jetpack_sharing_enabled":true,"_links":{"self":[{"href":"https:\/\/www.pedroandretta.info\/index\/wp-json\/wp\/v2\/posts\/26475","targetHints":{"allow":["GET"]}}],"collection":[{"href":"https:\/\/www.pedroandretta.info\/index\/wp-json\/wp\/v2\/posts"}],"about":[{"href":"https:\/\/www.pedroandretta.info\/index\/wp-json\/wp\/v2\/types\/post"}],"author":[{"embeddable":true,"href":"https:\/\/www.pedroandretta.info\/index\/wp-json\/wp\/v2\/users\/1"}],"replies":[{"embeddable":true,"href":"https:\/\/www.pedroandretta.info\/index\/wp-json\/wp\/v2\/comments?post=26475"}],"version-history":[{"count":0,"href":"https:\/\/www.pedroandretta.info\/index\/wp-json\/wp\/v2\/posts\/26475\/revisions"}],"wp:attachment":[{"href":"https:\/\/www.pedroandretta.info\/index\/wp-json\/wp\/v2\/media?parent=26475"}],"wp:term":[{"taxonomy":"category","embeddable":true,"href":"https:\/\/www.pedroandretta.info\/index\/wp-json\/wp\/v2\/categories?post=26475"},{"taxonomy":"post_tag","embeddable":true,"href":"https:\/\/www.pedroandretta.info\/index\/wp-json\/wp\/v2\/tags?post=26475"}],"curies":[{"name":"wp","href":"https:\/\/api.w.org\/{rel}","templated":true}]}}