{"id":26499,"date":"2024-08-24T20:14:41","date_gmt":"2024-08-25T00:14:41","guid":{"rendered":"https:\/\/www.pedroandretta.info\/index\/?p=26499"},"modified":"2024-08-24T20:14:49","modified_gmt":"2024-08-25T00:14:49","slug":"reforma-do-novo-ensino-medio-abre-caminho-parra-corrigir-distorcoes-mas-deixa-pontos-importantes-em-aberto-jornal-da-unesp","status":"publish","type":"post","link":"https:\/\/www.pedroandretta.info\/index\/2024\/08\/reforma-do-novo-ensino-medio-abre-caminho-parra-corrigir-distorcoes-mas-deixa-pontos-importantes-em-aberto-jornal-da-unesp\/","title":{"rendered":"Reforma do Novo Ensino M\u00e9dio abre caminho parra corrigir distor\u00e7\u00f5es, mas deixa pontos importantes em aberto \/ Jornal da UNESP"},"content":{"rendered":"\n<p><strong>Reforma do Novo Ensino M\u00e9dio abre caminho parra corrigir distor\u00e7\u00f5es, mas deixa pontos importantes em aberto<\/strong><\/p>\n\n\n\n<p>Lei promulgada em agosto quer dar fim a sete anos de discuss\u00f5es quanto ao melhor formato para \u00faltimo ciclo da educa\u00e7\u00e3o b\u00e1sica. Especialistas e pesquisadores consultados pelo Jornal da Unesp elogiam redefini\u00e7\u00e3o dos itiner\u00e1rios formativos e retorno a antiga carga hor\u00e1ria de disciplinas, mas identificam brechas no texto que podem gerar problemas de regula\u00e7\u00e3o.<\/p>\n\n\n\n<p>#NovoEnsinoM\u00e9dio<\/p>\n\n\n\n<p>via Jornal da UNESP<\/p>\n\n\n\n<p>Dispon\u00edvel em: <a href=\"https:\/\/jornal.unesp.br\/2024\/08\/23\/reforma-do-novo-ensino-medio-abre-caminho-parra-corrigir-distorcoes-mas-deixa-pontos-importantes-em-aberto\/\">https:\/\/jornal.unesp.br\/2024\/08\/23\/reforma-do-novo-ensino-medio-abre-caminho-parra-corrigir-distorcoes-mas-deixa-pontos-importantes-em-aberto\/<\/a><\/p>\n","protected":false},"excerpt":{"rendered":"<p>Reforma do Novo Ensino M\u00e9dio abre caminho parra corrigir distor\u00e7\u00f5es, mas deixa pontos importantes em aberto Lei promulgada em agosto quer dar fim a sete anos de discuss\u00f5es quanto ao melhor formato para \u00faltimo ciclo da educa\u00e7\u00e3o b\u00e1sica. Especialistas e pesquisadores consultados pelo Jornal da Unesp elogiam redefini\u00e7\u00e3o dos itiner\u00e1rios formativos e retorno a antiga<\/p><\/div>\n<div class=\"blog-btn\"><a href=\"https:\/\/www.pedroandretta.info\/index\/2024\/08\/reforma-do-novo-ensino-medio-abre-caminho-parra-corrigir-distorcoes-mas-deixa-pontos-importantes-em-aberto-jornal-da-unesp\/\" class=\"home-blog-btn\">Ler mais<\/a><\/p>\n","protected":false},"author":1,"featured_media":0,"comment_status":"open","ping_status":"open","sticky":false,"template":"","format":"standard","meta":{"_jetpack_memberships_contains_paid_content":false,"footnotes":"","jetpack_publicize_message":"","jetpack_publicize_feature_enabled":true,"jetpack_social_post_already_shared":true,"jetpack_social_options":{"image_generator_settings":{"template":"highway","default_image_id":0,"font":"","enabled":false},"version":2}},"categories":[21],"tags":[2902],"class_list":["post-26499","post","type-post","status-publish","format-standard","hentry","category-informeci","tag-novoensinomedio"],"jetpack_publicize_connections":[],"jetpack_featured_media_url":"","views":"","jetpack_sharing_enabled":true,"_links":{"self":[{"href":"https:\/\/www.pedroandretta.info\/index\/wp-json\/wp\/v2\/posts\/26499","targetHints":{"allow":["GET"]}}],"collection":[{"href":"https:\/\/www.pedroandretta.info\/index\/wp-json\/wp\/v2\/posts"}],"about":[{"href":"https:\/\/www.pedroandretta.info\/index\/wp-json\/wp\/v2\/types\/post"}],"author":[{"embeddable":true,"href":"https:\/\/www.pedroandretta.info\/index\/wp-json\/wp\/v2\/users\/1"}],"replies":[{"embeddable":true,"href":"https:\/\/www.pedroandretta.info\/index\/wp-json\/wp\/v2\/comments?post=26499"}],"version-history":[{"count":0,"href":"https:\/\/www.pedroandretta.info\/index\/wp-json\/wp\/v2\/posts\/26499\/revisions"}],"wp:attachment":[{"href":"https:\/\/www.pedroandretta.info\/index\/wp-json\/wp\/v2\/media?parent=26499"}],"wp:term":[{"taxonomy":"category","embeddable":true,"href":"https:\/\/www.pedroandretta.info\/index\/wp-json\/wp\/v2\/categories?post=26499"},{"taxonomy":"post_tag","embeddable":true,"href":"https:\/\/www.pedroandretta.info\/index\/wp-json\/wp\/v2\/tags?post=26499"}],"curies":[{"name":"wp","href":"https:\/\/api.w.org\/{rel}","templated":true}]}}