{"id":26501,"date":"2024-08-24T20:22:56","date_gmt":"2024-08-25T00:22:56","guid":{"rendered":"https:\/\/www.pedroandretta.info\/index\/?p=26501"},"modified":"2024-08-24T20:23:00","modified_gmt":"2024-08-25T00:23:00","slug":"o-sistema-cfb-crb-apoia-a-ifla-lac-na-expansao-da-presenca-das-bibliotecas-latino-americanas-cfb","status":"publish","type":"post","link":"https:\/\/www.pedroandretta.info\/index\/2024\/08\/o-sistema-cfb-crb-apoia-a-ifla-lac-na-expansao-da-presenca-das-bibliotecas-latino-americanas-cfb\/","title":{"rendered":"O sistema CFB\/CRB apoia a IFLA LAC na expans\u00e3o da presen\u00e7a das bibliotecas latino-americanas \/ CFB"},"content":{"rendered":"\n<p><strong>O sistema CFB\/CRB apoia a IFLA LAC na expans\u00e3o da presen\u00e7a das bibliotecas latino-americanas<\/strong><\/p>\n\n\n\n<p>A colabora\u00e7\u00e3o entre o Sistema CFB\/CRB e a IFLA LAC permitir\u00e1 a realiza\u00e7\u00e3o de atividades conjuntas, incluindo a divulga\u00e7\u00e3o de atividades nacionais e iniciativas de Advocacy, como parte do Plano de A\u00e7\u00e3o da Divis\u00e3o. Essas atividades s\u00e3o fundamentais para melhorar a presen\u00e7a dos pa\u00edses latino-americanos no Mapa Mundial de Bibliotecas, uma plataforma que destaca a import\u00e2ncia e o impacto das bibliotecas em todo o mundo.<\/p>\n\n\n\n<p>#CFB<\/p>\n\n\n\n<p>via CFB<\/p>\n\n\n\n<p>Dispon\u00edvel em: <a href=\"https:\/\/cfb.org.br\/noticias\/o-sistema-cfb-crb-apoia-a-ifla-lac-na-expansao-da-presenca-das-bibliotecas-latino-americanas\/\">https:\/\/cfb.org.br\/noticias\/o-sistema-cfb-crb-apoia-a-ifla-lac-na-expansao-da-presenca-das-bibliotecas-latino-americanas\/<\/a><\/p>\n","protected":false},"excerpt":{"rendered":"<p>O sistema CFB\/CRB apoia a IFLA LAC na expans\u00e3o da presen\u00e7a das bibliotecas latino-americanas A colabora\u00e7\u00e3o entre o Sistema CFB\/CRB e a IFLA LAC permitir\u00e1 a realiza\u00e7\u00e3o de atividades conjuntas, incluindo a divulga\u00e7\u00e3o de atividades nacionais e iniciativas de Advocacy, como parte do Plano de A\u00e7\u00e3o da Divis\u00e3o. Essas atividades s\u00e3o fundamentais para melhorar a<\/p><\/div>\n<div class=\"blog-btn\"><a href=\"https:\/\/www.pedroandretta.info\/index\/2024\/08\/o-sistema-cfb-crb-apoia-a-ifla-lac-na-expansao-da-presenca-das-bibliotecas-latino-americanas-cfb\/\" class=\"home-blog-btn\">Ler mais<\/a><\/p>\n","protected":false},"author":1,"featured_media":0,"comment_status":"open","ping_status":"open","sticky":false,"template":"","format":"standard","meta":{"_jetpack_memberships_contains_paid_content":false,"footnotes":"","jetpack_publicize_message":"","jetpack_publicize_feature_enabled":true,"jetpack_social_post_already_shared":true,"jetpack_social_options":{"image_generator_settings":{"template":"highway","default_image_id":0,"font":"","enabled":false},"version":2}},"categories":[21],"tags":[628],"class_list":["post-26501","post","type-post","status-publish","format-standard","hentry","category-informeci","tag-cfb"],"jetpack_publicize_connections":[],"jetpack_featured_media_url":"","views":"","jetpack_sharing_enabled":true,"_links":{"self":[{"href":"https:\/\/www.pedroandretta.info\/index\/wp-json\/wp\/v2\/posts\/26501","targetHints":{"allow":["GET"]}}],"collection":[{"href":"https:\/\/www.pedroandretta.info\/index\/wp-json\/wp\/v2\/posts"}],"about":[{"href":"https:\/\/www.pedroandretta.info\/index\/wp-json\/wp\/v2\/types\/post"}],"author":[{"embeddable":true,"href":"https:\/\/www.pedroandretta.info\/index\/wp-json\/wp\/v2\/users\/1"}],"replies":[{"embeddable":true,"href":"https:\/\/www.pedroandretta.info\/index\/wp-json\/wp\/v2\/comments?post=26501"}],"version-history":[{"count":0,"href":"https:\/\/www.pedroandretta.info\/index\/wp-json\/wp\/v2\/posts\/26501\/revisions"}],"wp:attachment":[{"href":"https:\/\/www.pedroandretta.info\/index\/wp-json\/wp\/v2\/media?parent=26501"}],"wp:term":[{"taxonomy":"category","embeddable":true,"href":"https:\/\/www.pedroandretta.info\/index\/wp-json\/wp\/v2\/categories?post=26501"},{"taxonomy":"post_tag","embeddable":true,"href":"https:\/\/www.pedroandretta.info\/index\/wp-json\/wp\/v2\/tags?post=26501"}],"curies":[{"name":"wp","href":"https:\/\/api.w.org\/{rel}","templated":true}]}}