{"id":26546,"date":"2024-08-28T12:54:44","date_gmt":"2024-08-28T16:54:44","guid":{"rendered":"https:\/\/www.pedroandretta.info\/index\/?p=26546"},"modified":"2024-08-28T12:54:50","modified_gmt":"2024-08-28T16:54:50","slug":"632-mil-criancas-estao-na-fila-por-creche-no-brasil-diz-pesquisa-direito-a-educacao-infantil-e-previsto-na-constituicao-g1","status":"publish","type":"post","link":"https:\/\/www.pedroandretta.info\/index\/2024\/08\/632-mil-criancas-estao-na-fila-por-creche-no-brasil-diz-pesquisa-direito-a-educacao-infantil-e-previsto-na-constituicao-g1\/","title":{"rendered":"632 mil crian\u00e7as est\u00e3o na fila por creche no Brasil, diz pesquisa; direito \u00e0 educa\u00e7\u00e3o infantil \u00e9 previsto na Constitui\u00e7\u00e3o \/ G1"},"content":{"rendered":"\n<p><strong>632 mil crian\u00e7as est\u00e3o na fila por creche no Brasil, diz pesquisa; direito \u00e0 educa\u00e7\u00e3o infantil \u00e9 previsto na Constitui\u00e7\u00e3o<\/strong><\/p>\n\n\n\n<p>De cada 10 munic\u00edpios brasileiros, 9 sofrem com esse problema, mostra um levantamento divulgado nesta ter\u00e7a-feira (27) pelo Gabinete de Articula\u00e7\u00e3o para a Efetividade da Educa\u00e7\u00e3o (Gaepe-Brasil) e pelo Minist\u00e9rio da Educa\u00e7\u00e3o.<\/p>\n\n\n\n<p>#Educa\u00e7\u00e3oInfantil<\/p>\n\n\n\n<p>via G1<\/p>\n\n\n\n<p>Dispon\u00edvel em: <a href=\"https:\/\/g1.globo.com\/educacao\/noticia\/2024\/08\/27\/632-mil-criancas-estao-na-fila-por-creche-no-brasil-segundo-levantamento.ghtml\">https:\/\/g1.globo.com\/educacao\/noticia\/2024\/08\/27\/632-mil-criancas-estao-na-fila-por-creche-no-brasil-segundo-levantamento.ghtml<\/a><\/p>\n","protected":false},"excerpt":{"rendered":"<p>632 mil crian\u00e7as est\u00e3o na fila por creche no Brasil, diz pesquisa; direito \u00e0 educa\u00e7\u00e3o infantil \u00e9 previsto na Constitui\u00e7\u00e3o De cada 10 munic\u00edpios brasileiros, 9 sofrem com esse problema, mostra um levantamento divulgado nesta ter\u00e7a-feira (27) pelo Gabinete de Articula\u00e7\u00e3o para a Efetividade da Educa\u00e7\u00e3o (Gaepe-Brasil) e pelo Minist\u00e9rio da Educa\u00e7\u00e3o. #Educa\u00e7\u00e3oInfantil via G1<\/p><\/div>\n<div class=\"blog-btn\"><a href=\"https:\/\/www.pedroandretta.info\/index\/2024\/08\/632-mil-criancas-estao-na-fila-por-creche-no-brasil-diz-pesquisa-direito-a-educacao-infantil-e-previsto-na-constituicao-g1\/\" class=\"home-blog-btn\">Ler mais<\/a><\/p>\n","protected":false},"author":1,"featured_media":0,"comment_status":"open","ping_status":"open","sticky":false,"template":"","format":"standard","meta":{"_jetpack_memberships_contains_paid_content":false,"footnotes":"","jetpack_publicize_message":"","jetpack_publicize_feature_enabled":true,"jetpack_social_post_already_shared":true,"jetpack_social_options":{"image_generator_settings":{"template":"highway","default_image_id":0,"font":"","enabled":false},"version":2}},"categories":[21],"tags":[2514],"class_list":["post-26546","post","type-post","status-publish","format-standard","hentry","category-informeci","tag-educacaoinfantil"],"jetpack_publicize_connections":[],"jetpack_featured_media_url":"","views":"","jetpack_sharing_enabled":true,"_links":{"self":[{"href":"https:\/\/www.pedroandretta.info\/index\/wp-json\/wp\/v2\/posts\/26546","targetHints":{"allow":["GET"]}}],"collection":[{"href":"https:\/\/www.pedroandretta.info\/index\/wp-json\/wp\/v2\/posts"}],"about":[{"href":"https:\/\/www.pedroandretta.info\/index\/wp-json\/wp\/v2\/types\/post"}],"author":[{"embeddable":true,"href":"https:\/\/www.pedroandretta.info\/index\/wp-json\/wp\/v2\/users\/1"}],"replies":[{"embeddable":true,"href":"https:\/\/www.pedroandretta.info\/index\/wp-json\/wp\/v2\/comments?post=26546"}],"version-history":[{"count":0,"href":"https:\/\/www.pedroandretta.info\/index\/wp-json\/wp\/v2\/posts\/26546\/revisions"}],"wp:attachment":[{"href":"https:\/\/www.pedroandretta.info\/index\/wp-json\/wp\/v2\/media?parent=26546"}],"wp:term":[{"taxonomy":"category","embeddable":true,"href":"https:\/\/www.pedroandretta.info\/index\/wp-json\/wp\/v2\/categories?post=26546"},{"taxonomy":"post_tag","embeddable":true,"href":"https:\/\/www.pedroandretta.info\/index\/wp-json\/wp\/v2\/tags?post=26546"}],"curies":[{"name":"wp","href":"https:\/\/api.w.org\/{rel}","templated":true}]}}