{"id":26704,"date":"2024-09-08T12:56:10","date_gmt":"2024-09-08T16:56:10","guid":{"rendered":"https:\/\/www.pedroandretta.info\/index\/?p=26704"},"modified":"2024-09-08T12:56:15","modified_gmt":"2024-09-08T16:56:15","slug":"termos-de-biblioteca-que-os-usuarios-nao-entendem-uma-revisao-da-literatura-de-2012-2021-crl","status":"publish","type":"post","link":"https:\/\/www.pedroandretta.info\/index\/2024\/09\/termos-de-biblioteca-que-os-usuarios-nao-entendem-uma-revisao-da-literatura-de-2012-2021-crl\/","title":{"rendered":"Termos de biblioteca que os usu\u00e1rios (n\u00e3o) entendem: uma revis\u00e3o da literatura de 2012-2021 \/ C&amp;RL"},"content":{"rendered":"\n<p><strong>Termos de biblioteca que os usu\u00e1rios (n\u00e3o) entendem: uma revis\u00e3o da literatura de 2012-2021<\/strong><\/p>\n\n\n\n<p>Revisando cinquenta e um artigos de 2012-2021, encontramos ampla evid\u00eancia de que o jarg\u00e3o da biblioteca continua a apresentar desafios aos usu\u00e1rios. Embora muitas das descobertas repitam aquelas do artigo de Kupersmith, os estudos examinados ofereceram mais nuances e exemplos que podem ajudar os bibliotec\u00e1rios a entender as complexidades em jogo ao escolher termos para usar no site da biblioteca.<\/p>\n\n\n\n<p>#Usabilidade #Bibliotecas <\/p>\n\n\n\n<p>Dispon\u00edvel em: <a href=\"https:\/\/crl.acrl.org\/index.php\/crl\/article\/view\/25723\/34395\">https:\/\/crl.acrl.org\/index.php\/crl\/article\/view\/25723\/34395<\/a><\/p>\n\n\n\n<figure class=\"wp-block-image size-large\"><img data-recalc-dims=\"1\" decoding=\"async\" width=\"481\" height=\"600\" src=\"https:\/\/i0.wp.com\/www.pedroandretta.info\/index\/wp-content\/uploads\/2024\/09\/image-21.png?resize=481%2C600&#038;ssl=1\" alt=\"\" class=\"wp-image-26705\" srcset=\"https:\/\/i0.wp.com\/www.pedroandretta.info\/index\/wp-content\/uploads\/2024\/09\/image-21.png?resize=481%2C600&amp;ssl=1 481w, https:\/\/i0.wp.com\/www.pedroandretta.info\/index\/wp-content\/uploads\/2024\/09\/image-21.png?resize=240%2C300&amp;ssl=1 240w, https:\/\/i0.wp.com\/www.pedroandretta.info\/index\/wp-content\/uploads\/2024\/09\/image-21.png?w=559&amp;ssl=1 559w\" sizes=\"(max-width: 481px) 100vw, 481px\" \/><\/figure>\n","protected":false},"excerpt":{"rendered":"<p>Termos de biblioteca que os usu\u00e1rios (n\u00e3o) entendem: uma revis\u00e3o da literatura de 2012-2021 Revisando cinquenta e um artigos de 2012-2021, encontramos ampla evid\u00eancia de que o jarg\u00e3o da biblioteca continua a apresentar desafios aos usu\u00e1rios. Embora muitas das descobertas repitam aquelas do artigo de Kupersmith, os estudos examinados ofereceram mais nuances e exemplos que<\/p><\/div>\n<div class=\"blog-btn\"><a href=\"https:\/\/www.pedroandretta.info\/index\/2024\/09\/termos-de-biblioteca-que-os-usuarios-nao-entendem-uma-revisao-da-literatura-de-2012-2021-crl\/\" class=\"home-blog-btn\">Ler mais<\/a><\/p>\n","protected":false},"author":1,"featured_media":0,"comment_status":"open","ping_status":"open","sticky":false,"template":"","format":"standard","meta":{"_jetpack_memberships_contains_paid_content":false,"footnotes":"","jetpack_publicize_message":"","jetpack_publicize_feature_enabled":true,"jetpack_social_post_already_shared":true,"jetpack_social_options":{"image_generator_settings":{"template":"highway","default_image_id":0,"font":"","enabled":false},"version":2}},"categories":[21],"tags":[38,1061],"class_list":["post-26704","post","type-post","status-publish","format-standard","hentry","category-informeci","tag-bibliotecas","tag-usabilidade"],"jetpack_publicize_connections":[],"jetpack_featured_media_url":"","views":"","jetpack_sharing_enabled":true,"_links":{"self":[{"href":"https:\/\/www.pedroandretta.info\/index\/wp-json\/wp\/v2\/posts\/26704","targetHints":{"allow":["GET"]}}],"collection":[{"href":"https:\/\/www.pedroandretta.info\/index\/wp-json\/wp\/v2\/posts"}],"about":[{"href":"https:\/\/www.pedroandretta.info\/index\/wp-json\/wp\/v2\/types\/post"}],"author":[{"embeddable":true,"href":"https:\/\/www.pedroandretta.info\/index\/wp-json\/wp\/v2\/users\/1"}],"replies":[{"embeddable":true,"href":"https:\/\/www.pedroandretta.info\/index\/wp-json\/wp\/v2\/comments?post=26704"}],"version-history":[{"count":0,"href":"https:\/\/www.pedroandretta.info\/index\/wp-json\/wp\/v2\/posts\/26704\/revisions"}],"wp:attachment":[{"href":"https:\/\/www.pedroandretta.info\/index\/wp-json\/wp\/v2\/media?parent=26704"}],"wp:term":[{"taxonomy":"category","embeddable":true,"href":"https:\/\/www.pedroandretta.info\/index\/wp-json\/wp\/v2\/categories?post=26704"},{"taxonomy":"post_tag","embeddable":true,"href":"https:\/\/www.pedroandretta.info\/index\/wp-json\/wp\/v2\/tags?post=26704"}],"curies":[{"name":"wp","href":"https:\/\/api.w.org\/{rel}","templated":true}]}}