{"id":26713,"date":"2024-09-08T19:01:38","date_gmt":"2024-09-08T23:01:38","guid":{"rendered":"https:\/\/www.pedroandretta.info\/index\/?p=26713"},"modified":"2024-09-08T19:01:42","modified_gmt":"2024-09-08T23:01:42","slug":"contato-das-criancas-com-livros-comeca-antes-da-alfabetizacao-folha-de-s-paulo","status":"publish","type":"post","link":"https:\/\/www.pedroandretta.info\/index\/2024\/09\/contato-das-criancas-com-livros-comeca-antes-da-alfabetizacao-folha-de-s-paulo\/","title":{"rendered":"Contato das crian\u00e7as com livros come\u00e7a antes da alfabetiza\u00e7\u00e3o \/ Folha de S. Paulo"},"content":{"rendered":"\n<p><strong>Contato das crian\u00e7as com livros come\u00e7a antes da alfabetiza\u00e7\u00e3o<\/strong><\/p>\n\n\n\n<p>As escolas que t\u00eam a leitura como elemento central do projeto pedag\u00f3gico s\u00e3o un\u00e2nimes em afirmar que esta pr\u00e1tica, necessariamente, deve come\u00e7ar bem cedo e de forma prazerosa. &#8220;\u00c9 muito mais f\u00e1cil atrair uma crian\u00e7a para a leitura do que um adolescente depois&#8221;, afirma Silvia Adri\u00e3o [&#8230;].<\/p>\n\n\n\n<p>via Folha de S. Paulo<\/p>\n\n\n\n<p>#Forma\u00e7\u00e3oDeLeitores<\/p>\n\n\n\n<p>Dispon\u00edvel em: <a href=\"https:\/\/www1.folha.uol.com.br\/educacao\/2024\/09\/contato-das-criancas-com-livros-comeca-antes-da-alfabetizacao.shtml\">https:\/\/www1.folha.uol.com.br\/educacao\/2024\/09\/contato-das-criancas-com-livros-comeca-antes-da-alfabetizacao.shtml<\/a><\/p>\n","protected":false},"excerpt":{"rendered":"<p>Contato das crian\u00e7as com livros come\u00e7a antes da alfabetiza\u00e7\u00e3o As escolas que t\u00eam a leitura como elemento central do projeto pedag\u00f3gico s\u00e3o un\u00e2nimes em afirmar que esta pr\u00e1tica, necessariamente, deve come\u00e7ar bem cedo e de forma prazerosa. &#8220;\u00c9 muito mais f\u00e1cil atrair uma crian\u00e7a para a leitura do que um adolescente depois&#8221;, afirma Silvia Adri\u00e3o<\/p><\/div>\n<div class=\"blog-btn\"><a href=\"https:\/\/www.pedroandretta.info\/index\/2024\/09\/contato-das-criancas-com-livros-comeca-antes-da-alfabetizacao-folha-de-s-paulo\/\" class=\"home-blog-btn\">Ler mais<\/a><\/p>\n","protected":false},"author":1,"featured_media":0,"comment_status":"open","ping_status":"open","sticky":false,"template":"","format":"standard","meta":{"_jetpack_newsletter_access":"","_jetpack_dont_email_post_to_subs":false,"_jetpack_newsletter_tier_id":0,"_jetpack_memberships_contains_paywalled_content":false,"_jetpack_feature_clip_id":0,"_jetpack_memberships_contains_paid_content":false,"footnotes":"","jetpack_publicize_message":"","jetpack_publicize_feature_enabled":true,"jetpack_social_post_already_shared":true,"jetpack_social_options":{"image_generator_settings":{"template":"highway","default_image_id":0,"font":"","enabled":false},"version":2},"jetpack_post_was_ever_published":false},"categories":[21],"tags":[922],"class_list":["post-26713","post","type-post","status-publish","format-standard","hentry","category-informeci","tag-formacaodeleitores"],"jetpack_publicize_connections":[],"jetpack_featured_media_url":"","views":"","jetpack_sharing_enabled":true,"_links":{"self":[{"href":"https:\/\/www.pedroandretta.info\/index\/wp-json\/wp\/v2\/posts\/26713","targetHints":{"allow":["GET"]}}],"collection":[{"href":"https:\/\/www.pedroandretta.info\/index\/wp-json\/wp\/v2\/posts"}],"about":[{"href":"https:\/\/www.pedroandretta.info\/index\/wp-json\/wp\/v2\/types\/post"}],"author":[{"embeddable":true,"href":"https:\/\/www.pedroandretta.info\/index\/wp-json\/wp\/v2\/users\/1"}],"replies":[{"embeddable":true,"href":"https:\/\/www.pedroandretta.info\/index\/wp-json\/wp\/v2\/comments?post=26713"}],"version-history":[{"count":0,"href":"https:\/\/www.pedroandretta.info\/index\/wp-json\/wp\/v2\/posts\/26713\/revisions"}],"wp:attachment":[{"href":"https:\/\/www.pedroandretta.info\/index\/wp-json\/wp\/v2\/media?parent=26713"}],"wp:term":[{"taxonomy":"category","embeddable":true,"href":"https:\/\/www.pedroandretta.info\/index\/wp-json\/wp\/v2\/categories?post=26713"},{"taxonomy":"post_tag","embeddable":true,"href":"https:\/\/www.pedroandretta.info\/index\/wp-json\/wp\/v2\/tags?post=26713"}],"curies":[{"name":"wp","href":"https:\/\/api.w.org\/{rel}","templated":true}]}}