{"id":26718,"date":"2024-09-08T19:11:36","date_gmt":"2024-09-08T23:11:36","guid":{"rendered":"https:\/\/www.pedroandretta.info\/index\/?p=26718"},"modified":"2024-09-08T19:11:40","modified_gmt":"2024-09-08T23:11:40","slug":"bebetecas-unem-brincar-livre-e-contato-com-a-literatura-porvir","status":"publish","type":"post","link":"https:\/\/www.pedroandretta.info\/index\/2024\/09\/bebetecas-unem-brincar-livre-e-contato-com-a-literatura-porvir\/","title":{"rendered":"Bebetecas unem brincar livre e contato com a literatura \/ Porvir"},"content":{"rendered":"\n<p><strong>Bebetecas unem brincar livre e contato com a literatura<\/strong><\/p>\n\n\n\n<p>Rec\u00e9m-inaugurados em diversas cidades brasileiras, espa\u00e7os especialmente pensados para o desenvolvimento da \u201cA bebeteca deve contemplar todas as dimens\u00f5es do desenvolvimento: motora, cognitiva, socioemocional e de linguagem. A quest\u00e3o do livro \u00e9 muito cara e muito especial nesse espa\u00e7o, porque tamb\u00e9m \u00e9 um convite, um instrumento poderoso para esse adulto e para essa crian\u00e7a estarem ali juntos, fortalecendo seu v\u00ednculo nesse mundo imagin\u00e1rio e importante da forma\u00e7\u00e3o leitora\u201d, comenta a empreendedora social Ana Maria Bastos, fundadora da produtora Descobrir Brincando.Rec\u00e9m-inaugurados em diversas cidades brasileiras, espa\u00e7os especialmente pensados para o desenvolvimento da primeira inf\u00e2ncia acolhem professores, cuidadores e estimulam o papel do mediador na promo\u00e7\u00e3o da forma\u00e7\u00e3o liter\u00e1ria das crian\u00e7as<\/p>\n\n\n\n<p>#PrimeiraInf\u00e2ncia Bebetecas<\/p>\n\n\n\n<p>via Porvir<\/p>\n\n\n\n<p>Dispon\u00edvel em: <a href=\"https:\/\/porvir.org\/bebeteca-brincar-livre-literatura\/\">https:\/\/porvir.org\/bebeteca-brincar-livre-literatura\/<\/a><\/p>\n","protected":false},"excerpt":{"rendered":"<p>Bebetecas unem brincar livre e contato com a literatura Rec\u00e9m-inaugurados em diversas cidades brasileiras, espa\u00e7os especialmente pensados para o desenvolvimento da \u201cA bebeteca deve contemplar todas as dimens\u00f5es do desenvolvimento: motora, cognitiva, socioemocional e de linguagem. A quest\u00e3o do livro \u00e9 muito cara e muito especial nesse espa\u00e7o, porque tamb\u00e9m \u00e9 um convite, um instrumento<\/p><\/div>\n<div class=\"blog-btn\"><a href=\"https:\/\/www.pedroandretta.info\/index\/2024\/09\/bebetecas-unem-brincar-livre-e-contato-com-a-literatura-porvir\/\" class=\"home-blog-btn\">Ler mais<\/a><\/p>\n","protected":false},"author":1,"featured_media":0,"comment_status":"open","ping_status":"open","sticky":false,"template":"","format":"standard","meta":{"_jetpack_newsletter_access":"","_jetpack_dont_email_post_to_subs":false,"_jetpack_newsletter_tier_id":0,"_jetpack_memberships_contains_paywalled_content":false,"_jetpack_feature_clip_id":0,"_jetpack_memberships_contains_paid_content":false,"footnotes":"","jetpack_publicize_message":"","jetpack_publicize_feature_enabled":true,"jetpack_social_post_already_shared":true,"jetpack_social_options":{"image_generator_settings":{"template":"highway","default_image_id":0,"font":"","enabled":false},"version":2},"jetpack_post_was_ever_published":false},"categories":[21],"tags":[2813,1613],"class_list":["post-26718","post","type-post","status-publish","format-standard","hentry","category-informeci","tag-bebetecas","tag-primeirainfancia"],"jetpack_publicize_connections":[],"jetpack_featured_media_url":"","views":"","jetpack_sharing_enabled":true,"_links":{"self":[{"href":"https:\/\/www.pedroandretta.info\/index\/wp-json\/wp\/v2\/posts\/26718","targetHints":{"allow":["GET"]}}],"collection":[{"href":"https:\/\/www.pedroandretta.info\/index\/wp-json\/wp\/v2\/posts"}],"about":[{"href":"https:\/\/www.pedroandretta.info\/index\/wp-json\/wp\/v2\/types\/post"}],"author":[{"embeddable":true,"href":"https:\/\/www.pedroandretta.info\/index\/wp-json\/wp\/v2\/users\/1"}],"replies":[{"embeddable":true,"href":"https:\/\/www.pedroandretta.info\/index\/wp-json\/wp\/v2\/comments?post=26718"}],"version-history":[{"count":0,"href":"https:\/\/www.pedroandretta.info\/index\/wp-json\/wp\/v2\/posts\/26718\/revisions"}],"wp:attachment":[{"href":"https:\/\/www.pedroandretta.info\/index\/wp-json\/wp\/v2\/media?parent=26718"}],"wp:term":[{"taxonomy":"category","embeddable":true,"href":"https:\/\/www.pedroandretta.info\/index\/wp-json\/wp\/v2\/categories?post=26718"},{"taxonomy":"post_tag","embeddable":true,"href":"https:\/\/www.pedroandretta.info\/index\/wp-json\/wp\/v2\/tags?post=26718"}],"curies":[{"name":"wp","href":"https:\/\/api.w.org\/{rel}","templated":true}]}}