{"id":26805,"date":"2024-09-15T03:13:34","date_gmt":"2024-09-15T07:13:34","guid":{"rendered":"https:\/\/www.pedroandretta.info\/index\/?p=26805"},"modified":"2024-09-15T03:13:40","modified_gmt":"2024-09-15T07:13:40","slug":"vulnerabilidade-informacional-nas-pessoas-em-situacao-de-rua-divulga-ci","status":"publish","type":"post","link":"https:\/\/www.pedroandretta.info\/index\/2024\/09\/vulnerabilidade-informacional-nas-pessoas-em-situacao-de-rua-divulga-ci\/","title":{"rendered":"Vulnerabilidade informacional nas pessoas em situa\u00e7\u00e3o de rua \/ Divulga-CI"},"content":{"rendered":"\n<p><strong>Vulnerabilidade informacional nas pessoas em situa\u00e7\u00e3o de rua<\/strong><\/p>\n\n\n\n<p>A sociedade pode pensar que seja um desafio atuar com pessoas em situa\u00e7\u00e3o de rua, muitos t\u00eam preconceitos, receios, medos, inseguran\u00e7as, etc. No entanto, s\u00e3o pessoas acolhedoras e s\u00f3 querem isso: serem acolhidas, serem ouvidas, terem voz, terem oportunidades para mudan\u00e7a de vida.\u201d, recorda a pesquisadora Profa. Dra. Daniela Fernanda Assis de Oliveira Spudeit, da Universidade do Estado de Santa Catarina.<\/p>\n\n\n\n<p>via Divulga-CI<\/p>\n\n\n\n<p>#CoInfo #PessoasEmSitua\u00e7\u00e3oDeRua<\/p>\n\n\n\n<p>Dispon\u00edvel em: <a href=\"https:\/\/www.divulgaci.labci.online\/v-2-n-8-ago-2024\/vulnerabilidade-informacional-nas-pessoas-em-situacao-de-rua-por-daniela-spudeit\/\">https:\/\/www.divulgaci.labci.online\/v-2-n-8-ago-2024\/vulnerabilidade-informacional-nas-pessoas-em-situacao-de-rua-por-daniela-spudeit\/<\/a><\/p>\n\n\n\n<figure class=\"wp-block-image size-large\"><img data-recalc-dims=\"1\" decoding=\"async\" width=\"430\" height=\"600\" src=\"https:\/\/i0.wp.com\/www.pedroandretta.info\/index\/wp-content\/uploads\/2024\/09\/image-43.png?resize=430%2C600&#038;ssl=1\" alt=\"\" class=\"wp-image-26806\" srcset=\"https:\/\/i0.wp.com\/www.pedroandretta.info\/index\/wp-content\/uploads\/2024\/09\/image-43.png?resize=430%2C600&amp;ssl=1 430w, https:\/\/i0.wp.com\/www.pedroandretta.info\/index\/wp-content\/uploads\/2024\/09\/image-43.png?resize=215%2C300&amp;ssl=1 215w, https:\/\/i0.wp.com\/www.pedroandretta.info\/index\/wp-content\/uploads\/2024\/09\/image-43.png?w=550&amp;ssl=1 550w\" sizes=\"(max-width: 430px) 100vw, 430px\" \/><\/figure>\n","protected":false},"excerpt":{"rendered":"<p>Vulnerabilidade informacional nas pessoas em situa\u00e7\u00e3o de rua A sociedade pode pensar que seja um desafio atuar com pessoas em situa\u00e7\u00e3o de rua, muitos t\u00eam preconceitos, receios, medos, inseguran\u00e7as, etc. No entanto, s\u00e3o pessoas acolhedoras e s\u00f3 querem isso: serem acolhidas, serem ouvidas, terem voz, terem oportunidades para mudan\u00e7a de vida.\u201d, recorda a pesquisadora Profa.<\/p><\/div>\n<div class=\"blog-btn\"><a href=\"https:\/\/www.pedroandretta.info\/index\/2024\/09\/vulnerabilidade-informacional-nas-pessoas-em-situacao-de-rua-divulga-ci\/\" class=\"home-blog-btn\">Ler mais<\/a><\/p>\n","protected":false},"author":1,"featured_media":0,"comment_status":"open","ping_status":"open","sticky":false,"template":"","format":"standard","meta":{"_jetpack_newsletter_access":"","_jetpack_dont_email_post_to_subs":false,"_jetpack_newsletter_tier_id":0,"_jetpack_memberships_contains_paywalled_content":false,"_jetpack_feature_clip_id":0,"_jetpack_memberships_contains_paid_content":false,"footnotes":"","jetpack_publicize_message":"","jetpack_publicize_feature_enabled":true,"jetpack_social_post_already_shared":true,"jetpack_social_options":{"image_generator_settings":{"template":"highway","default_image_id":0,"font":"","enabled":false},"version":2},"jetpack_post_was_ever_published":false},"categories":[21],"tags":[46,2146],"class_list":["post-26805","post","type-post","status-publish","format-standard","hentry","category-informeci","tag-coinfo","tag-pessoasemsituacaoderua"],"jetpack_publicize_connections":[],"jetpack_featured_media_url":"","views":"","jetpack_sharing_enabled":true,"_links":{"self":[{"href":"https:\/\/www.pedroandretta.info\/index\/wp-json\/wp\/v2\/posts\/26805","targetHints":{"allow":["GET"]}}],"collection":[{"href":"https:\/\/www.pedroandretta.info\/index\/wp-json\/wp\/v2\/posts"}],"about":[{"href":"https:\/\/www.pedroandretta.info\/index\/wp-json\/wp\/v2\/types\/post"}],"author":[{"embeddable":true,"href":"https:\/\/www.pedroandretta.info\/index\/wp-json\/wp\/v2\/users\/1"}],"replies":[{"embeddable":true,"href":"https:\/\/www.pedroandretta.info\/index\/wp-json\/wp\/v2\/comments?post=26805"}],"version-history":[{"count":0,"href":"https:\/\/www.pedroandretta.info\/index\/wp-json\/wp\/v2\/posts\/26805\/revisions"}],"wp:attachment":[{"href":"https:\/\/www.pedroandretta.info\/index\/wp-json\/wp\/v2\/media?parent=26805"}],"wp:term":[{"taxonomy":"category","embeddable":true,"href":"https:\/\/www.pedroandretta.info\/index\/wp-json\/wp\/v2\/categories?post=26805"},{"taxonomy":"post_tag","embeddable":true,"href":"https:\/\/www.pedroandretta.info\/index\/wp-json\/wp\/v2\/tags?post=26805"}],"curies":[{"name":"wp","href":"https:\/\/api.w.org\/{rel}","templated":true}]}}