{"id":27025,"date":"2024-09-28T18:04:57","date_gmt":"2024-09-28T22:04:57","guid":{"rendered":"https:\/\/www.pedroandretta.info\/index\/?p=27025"},"modified":"2024-09-28T18:05:02","modified_gmt":"2024-09-28T22:05:02","slug":"manifesto-da-internet-da-ifla-construir-um-melhor-acesso-digital-com-as-bibliotecas-blog-rbe","status":"publish","type":"post","link":"https:\/\/www.pedroandretta.info\/index\/2024\/09\/manifesto-da-internet-da-ifla-construir-um-melhor-acesso-digital-com-as-bibliotecas-blog-rbe\/","title":{"rendered":"Manifesto da Internet da IFLA: Construir um melhor acesso digital com as bibliotecas \/ Blog RBE"},"content":{"rendered":"\n<p><strong>Manifesto da Internet da IFLA: Construir um melhor acesso digital com as bibliotecas<\/strong><\/p>\n\n\n\n<p>No dia 5 de Agosto de 2024, uma d\u00e9cada volvida desde que o \u00faltimo Manifesto da Internet da IFLA foi lan\u00e7ado, a institui\u00e7\u00e3o apresentou uma nova vers\u00e3o do mesmo, prometendo a sua revis\u00e3o dentro de dois anos. Trata-se de um documento que une as vozes das bibliotecas em rela\u00e7\u00e3o \u00e0 Internet, fornece a sua vis\u00e3o da Internet que se pretende, defende o lugar das bibliotecas no espa\u00e7o digital e apresenta uma s\u00e9rie de recomenda\u00e7\u00f5es para diferentes atores.<\/p>\n\n\n\n<p>via Blog RBE<\/p>\n\n\n\n<p>#Internet #IFLA<\/p>\n\n\n\n<p>Dispon\u00edvel em: <a href=\"https:\/\/blogue.rbe.mec.pt\/manifesto-da-internet-da-ifla-construir-2880982\">https:\/\/blogue.rbe.mec.pt\/manifesto-da-internet-da-ifla-construir-2880982<\/a><\/p>\n\n\n\n<figure class=\"wp-block-image size-full\"><img data-recalc-dims=\"1\" decoding=\"async\" width=\"250\" height=\"346\" src=\"https:\/\/i0.wp.com\/www.pedroandretta.info\/index\/wp-content\/uploads\/2024\/09\/image-99.png?resize=250%2C346&#038;ssl=1\" alt=\"\" class=\"wp-image-27026\" srcset=\"https:\/\/i0.wp.com\/www.pedroandretta.info\/index\/wp-content\/uploads\/2024\/09\/image-99.png?w=250&amp;ssl=1 250w, https:\/\/i0.wp.com\/www.pedroandretta.info\/index\/wp-content\/uploads\/2024\/09\/image-99.png?resize=217%2C300&amp;ssl=1 217w\" sizes=\"(max-width: 250px) 100vw, 250px\" \/><\/figure>\n","protected":false},"excerpt":{"rendered":"<p>Manifesto da Internet da IFLA: Construir um melhor acesso digital com as bibliotecas No dia 5 de Agosto de 2024, uma d\u00e9cada volvida desde que o \u00faltimo Manifesto da Internet da IFLA foi lan\u00e7ado, a institui\u00e7\u00e3o apresentou uma nova vers\u00e3o do mesmo, prometendo a sua revis\u00e3o dentro de dois anos. Trata-se de um documento que<\/p><\/div>\n<div class=\"blog-btn\"><a href=\"https:\/\/www.pedroandretta.info\/index\/2024\/09\/manifesto-da-internet-da-ifla-construir-um-melhor-acesso-digital-com-as-bibliotecas-blog-rbe\/\" class=\"home-blog-btn\">Ler mais<\/a><\/p>\n","protected":false},"author":1,"featured_media":0,"comment_status":"open","ping_status":"open","sticky":false,"template":"","format":"standard","meta":{"_jetpack_memberships_contains_paid_content":false,"footnotes":"","jetpack_publicize_message":"","jetpack_publicize_feature_enabled":true,"jetpack_social_post_already_shared":true,"jetpack_social_options":{"image_generator_settings":{"template":"highway","default_image_id":0,"font":"","enabled":false},"version":2}},"categories":[21],"tags":[344,125,1610],"class_list":["post-27025","post","type-post","status-publish","format-standard","hentry","category-informeci","tag-ifla","tag-internet","tag-manifesto"],"jetpack_publicize_connections":[],"jetpack_featured_media_url":"","views":"","jetpack_sharing_enabled":true,"_links":{"self":[{"href":"https:\/\/www.pedroandretta.info\/index\/wp-json\/wp\/v2\/posts\/27025","targetHints":{"allow":["GET"]}}],"collection":[{"href":"https:\/\/www.pedroandretta.info\/index\/wp-json\/wp\/v2\/posts"}],"about":[{"href":"https:\/\/www.pedroandretta.info\/index\/wp-json\/wp\/v2\/types\/post"}],"author":[{"embeddable":true,"href":"https:\/\/www.pedroandretta.info\/index\/wp-json\/wp\/v2\/users\/1"}],"replies":[{"embeddable":true,"href":"https:\/\/www.pedroandretta.info\/index\/wp-json\/wp\/v2\/comments?post=27025"}],"version-history":[{"count":0,"href":"https:\/\/www.pedroandretta.info\/index\/wp-json\/wp\/v2\/posts\/27025\/revisions"}],"wp:attachment":[{"href":"https:\/\/www.pedroandretta.info\/index\/wp-json\/wp\/v2\/media?parent=27025"}],"wp:term":[{"taxonomy":"category","embeddable":true,"href":"https:\/\/www.pedroandretta.info\/index\/wp-json\/wp\/v2\/categories?post=27025"},{"taxonomy":"post_tag","embeddable":true,"href":"https:\/\/www.pedroandretta.info\/index\/wp-json\/wp\/v2\/tags?post=27025"}],"curies":[{"name":"wp","href":"https:\/\/api.w.org\/{rel}","templated":true}]}}