{"id":27051,"date":"2024-09-30T00:39:19","date_gmt":"2024-09-30T04:39:19","guid":{"rendered":"https:\/\/www.pedroandretta.info\/index\/?p=27051"},"modified":"2024-09-30T00:43:37","modified_gmt":"2024-09-30T04:43:37","slug":"cultura-e-mediacao-cultural-informacao-informacao","status":"publish","type":"post","link":"https:\/\/www.pedroandretta.info\/index\/2024\/09\/cultura-e-mediacao-cultural-informacao-informacao\/","title":{"rendered":"Cultura e media\u00e7\u00e3o cultural \/ Informa\u00e7\u00e3o &amp; Informa\u00e7\u00e3o"},"content":{"rendered":"\n<p><strong>Cultura e media\u00e7\u00e3o cultural: an\u00e1lise da abordagem dos termos nos trabalhos apresentados no GT3 do ENANCIB (2017-2021)<\/strong><\/p>\n\n\n\n<p>Constatou-se que no per\u00edodo analisado o n\u00famero de comunica\u00e7\u00f5es usando os termos \u201cmedia\u00e7\u00e3o cultural e cultura foram decrescendo; as pesquisas aplicadas envolvendo cultura e media\u00e7\u00e3o cultural em bibliotecas \u00e9 maior que em arquivos e museus; e as pesquisas com an\u00e1lises pr\u00e1ticas acerca de cultura e media\u00e7\u00e3o cultural aparecem o dobro de vezes do que as pesquisas com abordagem te\u00f3rica ou conceitual.<\/p>\n\n\n\n<p>#Cultura #Media\u00e7\u00e3oCultural #ENANCIB<\/p>\n\n\n\n<p>Dispon\u00edvel em: <a href=\"https:\/\/ojs.uel.br\/revistas\/uel\/index.php\/informacao\/article\/view\/48139\">https:\/\/ojs.uel.br\/revistas\/uel\/index.php\/informacao\/article\/view\/48139<\/a><\/p>\n\n\n\n<figure class=\"wp-block-image size-full\"><img data-recalc-dims=\"1\" decoding=\"async\" width=\"378\" height=\"535\" src=\"https:\/\/i0.wp.com\/www.pedroandretta.info\/index\/wp-content\/uploads\/2024\/09\/image-105.png?resize=378%2C535&#038;ssl=1\" alt=\"\" class=\"wp-image-27054\" srcset=\"https:\/\/i0.wp.com\/www.pedroandretta.info\/index\/wp-content\/uploads\/2024\/09\/image-105.png?w=378&amp;ssl=1 378w, https:\/\/i0.wp.com\/www.pedroandretta.info\/index\/wp-content\/uploads\/2024\/09\/image-105.png?resize=212%2C300&amp;ssl=1 212w\" sizes=\"(max-width: 378px) 100vw, 378px\" \/><\/figure>\n","protected":false},"excerpt":{"rendered":"<p>Cultura e media\u00e7\u00e3o cultural: an\u00e1lise da abordagem dos termos nos trabalhos apresentados no GT3 do ENANCIB (2017-2021) Constatou-se que no per\u00edodo analisado o n\u00famero de comunica\u00e7\u00f5es usando os termos \u201cmedia\u00e7\u00e3o cultural e cultura foram decrescendo; as pesquisas aplicadas envolvendo cultura e media\u00e7\u00e3o cultural em bibliotecas \u00e9 maior que em arquivos e museus; e as pesquisas<\/p><\/div>\n<div class=\"blog-btn\"><a href=\"https:\/\/www.pedroandretta.info\/index\/2024\/09\/cultura-e-mediacao-cultural-informacao-informacao\/\" class=\"home-blog-btn\">Ler mais<\/a><\/p>\n","protected":false},"author":1,"featured_media":0,"comment_status":"open","ping_status":"open","sticky":false,"template":"","format":"standard","meta":{"_jetpack_memberships_contains_paid_content":false,"footnotes":"","jetpack_publicize_message":"","jetpack_publicize_feature_enabled":true,"jetpack_social_post_already_shared":true,"jetpack_social_options":{"image_generator_settings":{"template":"highway","default_image_id":0,"font":"","enabled":false},"version":2}},"categories":[21],"tags":[285,37,954],"class_list":["post-27051","post","type-post","status-publish","format-standard","hentry","category-informeci","tag-cultura","tag-enancib","tag-mediacaocultural"],"jetpack_publicize_connections":[],"jetpack_featured_media_url":"","views":"","jetpack_sharing_enabled":true,"_links":{"self":[{"href":"https:\/\/www.pedroandretta.info\/index\/wp-json\/wp\/v2\/posts\/27051","targetHints":{"allow":["GET"]}}],"collection":[{"href":"https:\/\/www.pedroandretta.info\/index\/wp-json\/wp\/v2\/posts"}],"about":[{"href":"https:\/\/www.pedroandretta.info\/index\/wp-json\/wp\/v2\/types\/post"}],"author":[{"embeddable":true,"href":"https:\/\/www.pedroandretta.info\/index\/wp-json\/wp\/v2\/users\/1"}],"replies":[{"embeddable":true,"href":"https:\/\/www.pedroandretta.info\/index\/wp-json\/wp\/v2\/comments?post=27051"}],"version-history":[{"count":0,"href":"https:\/\/www.pedroandretta.info\/index\/wp-json\/wp\/v2\/posts\/27051\/revisions"}],"wp:attachment":[{"href":"https:\/\/www.pedroandretta.info\/index\/wp-json\/wp\/v2\/media?parent=27051"}],"wp:term":[{"taxonomy":"category","embeddable":true,"href":"https:\/\/www.pedroandretta.info\/index\/wp-json\/wp\/v2\/categories?post=27051"},{"taxonomy":"post_tag","embeddable":true,"href":"https:\/\/www.pedroandretta.info\/index\/wp-json\/wp\/v2\/tags?post=27051"}],"curies":[{"name":"wp","href":"https:\/\/api.w.org\/{rel}","templated":true}]}}