{"id":27083,"date":"2024-10-02T13:20:24","date_gmt":"2024-10-02T17:20:24","guid":{"rendered":"https:\/\/www.pedroandretta.info\/index\/?p=27083"},"modified":"2024-10-02T13:20:28","modified_gmt":"2024-10-02T17:20:28","slug":"a-personalidade-cientifica-bernardina-maria-juvenal-freire-de-oliveira-risc","status":"publish","type":"post","link":"https:\/\/www.pedroandretta.info\/index\/2024\/10\/a-personalidade-cientifica-bernardina-maria-juvenal-freire-de-oliveira-risc\/","title":{"rendered":"A personalidade cient\u00edfica Bernardina Maria Juvenal Freire de Oliveira \/ RISC"},"content":{"rendered":"\n<p>A personalidade cient\u00edfica Bernardina Maria Juvenal Freire de Oliveira<\/p>\n\n\n\n<p>Dada a dimens\u00e3o da trajet\u00f3ria pessoal, acad\u00eamica e profissional da professora Bernardina Freire, este relato, que assenta em perspectiva descritiva e biogr\u00e1fica, registra a relev\u00e2ncia do legado que vem sendo constru\u00eddo, em visita ao passado e ao presente, com vistas a reconhecer e, tamb\u00e9m, homenagear a mem\u00f3ria desta mulher, professora, pesquisadora e gestora.<\/p>\n\n\n\n<p>via RISC<\/p>\n\n\n\n<p>#Biografias ProfsCI<\/p>\n\n\n\n<p>Dispon\u00edvel em: https:\/\/periodicos.ufrn.br\/informacao\/article\/view\/37099<\/p>\n\n\n\n<figure class=\"wp-block-image size-large\"><img data-recalc-dims=\"1\" decoding=\"async\" width=\"425\" height=\"600\" src=\"https:\/\/i0.wp.com\/www.pedroandretta.info\/index\/wp-content\/uploads\/2024\/10\/image-6.png?resize=425%2C600&#038;ssl=1\" alt=\"\" class=\"wp-image-27089\" srcset=\"https:\/\/i0.wp.com\/www.pedroandretta.info\/index\/wp-content\/uploads\/2024\/10\/image-6.png?resize=425%2C600&amp;ssl=1 425w, https:\/\/i0.wp.com\/www.pedroandretta.info\/index\/wp-content\/uploads\/2024\/10\/image-6.png?resize=213%2C300&amp;ssl=1 213w, https:\/\/i0.wp.com\/www.pedroandretta.info\/index\/wp-content\/uploads\/2024\/10\/image-6.png?w=542&amp;ssl=1 542w\" sizes=\"(max-width: 425px) 100vw, 425px\" \/><\/figure>\n","protected":false},"excerpt":{"rendered":"<p>A personalidade cient\u00edfica Bernardina Maria Juvenal Freire de Oliveira Dada a dimens\u00e3o da trajet\u00f3ria pessoal, acad\u00eamica e profissional da professora Bernardina Freire, este relato, que assenta em perspectiva descritiva e biogr\u00e1fica, registra a relev\u00e2ncia do legado que vem sendo constru\u00eddo, em visita ao passado e ao presente, com vistas a reconhecer e, tamb\u00e9m, homenagear a<\/p><\/div>\n<div class=\"blog-btn\"><a href=\"https:\/\/www.pedroandretta.info\/index\/2024\/10\/a-personalidade-cientifica-bernardina-maria-juvenal-freire-de-oliveira-risc\/\" class=\"home-blog-btn\">Ler mais<\/a><\/p>\n","protected":false},"author":1,"featured_media":0,"comment_status":"open","ping_status":"open","sticky":false,"template":"","format":"standard","meta":{"_jetpack_memberships_contains_paid_content":false,"footnotes":"","jetpack_publicize_message":"","jetpack_publicize_feature_enabled":true,"jetpack_social_post_already_shared":true,"jetpack_social_options":{"image_generator_settings":{"template":"highway","default_image_id":0,"font":"","enabled":false},"version":2}},"categories":[21],"tags":[1671,1948],"class_list":["post-27083","post","type-post","status-publish","format-standard","hentry","category-informeci","tag-biografias","tag-profsci"],"jetpack_publicize_connections":[],"jetpack_featured_media_url":"","views":"","jetpack_sharing_enabled":true,"_links":{"self":[{"href":"https:\/\/www.pedroandretta.info\/index\/wp-json\/wp\/v2\/posts\/27083","targetHints":{"allow":["GET"]}}],"collection":[{"href":"https:\/\/www.pedroandretta.info\/index\/wp-json\/wp\/v2\/posts"}],"about":[{"href":"https:\/\/www.pedroandretta.info\/index\/wp-json\/wp\/v2\/types\/post"}],"author":[{"embeddable":true,"href":"https:\/\/www.pedroandretta.info\/index\/wp-json\/wp\/v2\/users\/1"}],"replies":[{"embeddable":true,"href":"https:\/\/www.pedroandretta.info\/index\/wp-json\/wp\/v2\/comments?post=27083"}],"version-history":[{"count":0,"href":"https:\/\/www.pedroandretta.info\/index\/wp-json\/wp\/v2\/posts\/27083\/revisions"}],"wp:attachment":[{"href":"https:\/\/www.pedroandretta.info\/index\/wp-json\/wp\/v2\/media?parent=27083"}],"wp:term":[{"taxonomy":"category","embeddable":true,"href":"https:\/\/www.pedroandretta.info\/index\/wp-json\/wp\/v2\/categories?post=27083"},{"taxonomy":"post_tag","embeddable":true,"href":"https:\/\/www.pedroandretta.info\/index\/wp-json\/wp\/v2\/tags?post=27083"}],"curies":[{"name":"wp","href":"https:\/\/api.w.org\/{rel}","templated":true}]}}