{"id":27100,"date":"2024-10-03T13:18:43","date_gmt":"2024-10-03T17:18:43","guid":{"rendered":"https:\/\/www.pedroandretta.info\/index\/?p=27100"},"modified":"2024-10-03T13:18:47","modified_gmt":"2024-10-03T17:18:47","slug":"utilizacao-e-perspetivas-de-introducao-de-ferramentas-de-inteligencia-artificial-no-jornalismo-o-caso-do-jornal-publico-flup","status":"publish","type":"post","link":"https:\/\/www.pedroandretta.info\/index\/2024\/10\/utilizacao-e-perspetivas-de-introducao-de-ferramentas-de-inteligencia-artificial-no-jornalismo-o-caso-do-jornal-publico-flup\/","title":{"rendered":"Utiliza\u00e7\u00e3o e perspetivas de introdu\u00e7\u00e3o de ferramentas de Intelig\u00eancia Artificial no jornalismo &#8211; o caso do Jornal P\u00fablico \/ FLUP"},"content":{"rendered":"\n<p><strong>Utiliza\u00e7\u00e3o e perspetivas de introdu\u00e7\u00e3o de ferramentas de Intelig\u00eancia Artificial no jornalismo &#8211; o caso do Jornal P\u00fablico<\/strong><\/p>\n\n\n\n<p><br>Utilizando as metodologias de observa\u00e7\u00e3o participante, foram elaboradas tr\u00eas perguntas de investiga\u00e7\u00e3o para o estudo de caso: uma sobre o grau de utiliza\u00e7\u00e3o de ferramentas de IA no P\u00fablico, a segunda sobre o grau de abertura dos jornalistas para a introdu\u00e7\u00e3o dessas ferramentas e a \u00faltima sobre as principais vari\u00e1veis que explicam a utiliza\u00e7\u00e3o e abertura para a introdu\u00e7\u00e3o entre jornalistas. Atrav\u00e9s de um inqu\u00e9rito aplicado aos jornalistas do P\u00fablico, foi poss\u00edvel verificar que o grau de utiliza\u00e7\u00e3o de ferramentas de IA \u00e9 baixo, mas a abertura para a introdu\u00e7\u00e3o destas \u00e9 elevada. <\/p>\n\n\n\n<p>#Jornalismo #AI<\/p>\n\n\n\n<p>Dispon\u00edvel em: <a href=\"https:\/\/repositorio-aberto.up.pt\/handle\/10216\/161718\">https:\/\/repositorio-aberto.up.pt\/handle\/10216\/161718<\/a><\/p>\n\n\n\n<figure class=\"wp-block-image size-large\"><img data-recalc-dims=\"1\" decoding=\"async\" width=\"425\" height=\"600\" src=\"https:\/\/i0.wp.com\/www.pedroandretta.info\/index\/wp-content\/uploads\/2024\/10\/image-8.png?resize=425%2C600&#038;ssl=1\" alt=\"\" class=\"wp-image-27101\" srcset=\"https:\/\/i0.wp.com\/www.pedroandretta.info\/index\/wp-content\/uploads\/2024\/10\/image-8.png?resize=425%2C600&amp;ssl=1 425w, https:\/\/i0.wp.com\/www.pedroandretta.info\/index\/wp-content\/uploads\/2024\/10\/image-8.png?resize=213%2C300&amp;ssl=1 213w, https:\/\/i0.wp.com\/www.pedroandretta.info\/index\/wp-content\/uploads\/2024\/10\/image-8.png?w=501&amp;ssl=1 501w\" sizes=\"(max-width: 425px) 100vw, 425px\" \/><\/figure>\n","protected":false},"excerpt":{"rendered":"<p>Utiliza\u00e7\u00e3o e perspetivas de introdu\u00e7\u00e3o de ferramentas de Intelig\u00eancia Artificial no jornalismo &#8211; o caso do Jornal P\u00fablico Utilizando as metodologias de observa\u00e7\u00e3o participante, foram elaboradas tr\u00eas perguntas de investiga\u00e7\u00e3o para o estudo de caso: uma sobre o grau de utiliza\u00e7\u00e3o de ferramentas de IA no P\u00fablico, a segunda sobre o grau de abertura dos<\/p><\/div>\n<div class=\"blog-btn\"><a href=\"https:\/\/www.pedroandretta.info\/index\/2024\/10\/utilizacao-e-perspetivas-de-introducao-de-ferramentas-de-inteligencia-artificial-no-jornalismo-o-caso-do-jornal-publico-flup\/\" class=\"home-blog-btn\">Ler mais<\/a><\/p>\n","protected":false},"author":1,"featured_media":0,"comment_status":"open","ping_status":"open","sticky":false,"template":"","format":"standard","meta":{"_jetpack_memberships_contains_paid_content":false,"footnotes":"","jetpack_publicize_message":"","jetpack_publicize_feature_enabled":true,"jetpack_social_post_already_shared":true,"jetpack_social_options":{"image_generator_settings":{"template":"highway","default_image_id":0,"font":"","enabled":false},"version":2}},"categories":[21],"tags":[1994,723],"class_list":["post-27100","post","type-post","status-publish","format-standard","hentry","category-informeci","tag-inteligenciaartificial","tag-jornalismo"],"jetpack_publicize_connections":[],"jetpack_featured_media_url":"","views":"","jetpack_sharing_enabled":true,"_links":{"self":[{"href":"https:\/\/www.pedroandretta.info\/index\/wp-json\/wp\/v2\/posts\/27100","targetHints":{"allow":["GET"]}}],"collection":[{"href":"https:\/\/www.pedroandretta.info\/index\/wp-json\/wp\/v2\/posts"}],"about":[{"href":"https:\/\/www.pedroandretta.info\/index\/wp-json\/wp\/v2\/types\/post"}],"author":[{"embeddable":true,"href":"https:\/\/www.pedroandretta.info\/index\/wp-json\/wp\/v2\/users\/1"}],"replies":[{"embeddable":true,"href":"https:\/\/www.pedroandretta.info\/index\/wp-json\/wp\/v2\/comments?post=27100"}],"version-history":[{"count":0,"href":"https:\/\/www.pedroandretta.info\/index\/wp-json\/wp\/v2\/posts\/27100\/revisions"}],"wp:attachment":[{"href":"https:\/\/www.pedroandretta.info\/index\/wp-json\/wp\/v2\/media?parent=27100"}],"wp:term":[{"taxonomy":"category","embeddable":true,"href":"https:\/\/www.pedroandretta.info\/index\/wp-json\/wp\/v2\/categories?post=27100"},{"taxonomy":"post_tag","embeddable":true,"href":"https:\/\/www.pedroandretta.info\/index\/wp-json\/wp\/v2\/tags?post=27100"}],"curies":[{"name":"wp","href":"https:\/\/api.w.org\/{rel}","templated":true}]}}