{"id":27125,"date":"2024-10-04T11:38:00","date_gmt":"2024-10-04T15:38:00","guid":{"rendered":"https:\/\/www.pedroandretta.info\/index\/?p=27125"},"modified":"2024-10-04T11:38:04","modified_gmt":"2024-10-04T15:38:04","slug":"resolucao-cfb-n-271-de-02-de-outrubro-de-2024-cfb","status":"publish","type":"post","link":"https:\/\/www.pedroandretta.info\/index\/2024\/10\/resolucao-cfb-n-271-de-02-de-outrubro-de-2024-cfb\/","title":{"rendered":"Resolu\u00e7\u00e3o CFB n. 271, de 02 de outrubro de 2024 \/ CFB"},"content":{"rendered":"\n<p><strong>Resolu\u00e7\u00e3o CFB n. 271, de 02 de outubro de 2024: Disp\u00f5e sobre a fixa\u00e7\u00e3o de valores de anuidade e taxas devidas aos Conselhos Regionais de Biblioteconomia para o exerc\u00edcio de 2025 e d\u00e1 outras provid\u00eancias<\/strong><\/p>\n\n\n\n<p>CONSIDERANDO a DECIS\u00c3O da 11\u00aa Reuni\u00e3o Ordin\u00e1ria do Plen\u00e1rio do Conselho Federal de Biblioteconomia da 19\u00aa Gest\u00e3o; resolve:<br>Art. 1\u00ba Fixar os valores das anuidades e taxas devidas aos Conselhos Regionais de Biblioteconomia, pelos profissionais e pessoas jur\u00eddicas de direito p\u00fablico e privado, para o exerc\u00edcio de 2025, da seguinte forma:<br>a) Profissional: R$ 516,83.<\/p>\n\n\n\n<p>Dispon\u00edvel em: <a href=\"http:\/\/repositorio.cfb.org.br\/handle\/123456789\/1436\">http:\/\/repositorio.cfb.org.br\/handle\/123456789\/1436<\/a><\/p>\n\n\n\n<p>#CFB #Atua\u00e7\u00e3oProfissional<\/p>\n\n\n\n<figure class=\"wp-block-image size-large\"><img data-recalc-dims=\"1\" decoding=\"async\" width=\"453\" height=\"600\" src=\"https:\/\/i0.wp.com\/www.pedroandretta.info\/index\/wp-content\/uploads\/2024\/10\/image-15.png?resize=453%2C600&#038;ssl=1\" alt=\"\" class=\"wp-image-27126\" srcset=\"https:\/\/i0.wp.com\/www.pedroandretta.info\/index\/wp-content\/uploads\/2024\/10\/image-15.png?resize=453%2C600&amp;ssl=1 453w, https:\/\/i0.wp.com\/www.pedroandretta.info\/index\/wp-content\/uploads\/2024\/10\/image-15.png?resize=226%2C300&amp;ssl=1 226w, https:\/\/i0.wp.com\/www.pedroandretta.info\/index\/wp-content\/uploads\/2024\/10\/image-15.png?w=593&amp;ssl=1 593w\" sizes=\"(max-width: 453px) 100vw, 453px\" \/><\/figure>\n","protected":false},"excerpt":{"rendered":"<p>Resolu\u00e7\u00e3o CFB n. 271, de 02 de outubro de 2024: Disp\u00f5e sobre a fixa\u00e7\u00e3o de valores de anuidade e taxas devidas aos Conselhos Regionais de Biblioteconomia para o exerc\u00edcio de 2025 e d\u00e1 outras provid\u00eancias CONSIDERANDO a DECIS\u00c3O da 11\u00aa Reuni\u00e3o Ordin\u00e1ria do Plen\u00e1rio do Conselho Federal de Biblioteconomia da 19\u00aa Gest\u00e3o; resolve:Art. 1\u00ba Fixar<\/p><\/div>\n<div class=\"blog-btn\"><a href=\"https:\/\/www.pedroandretta.info\/index\/2024\/10\/resolucao-cfb-n-271-de-02-de-outrubro-de-2024-cfb\/\" class=\"home-blog-btn\">Ler mais<\/a><\/p>\n","protected":false},"author":1,"featured_media":0,"comment_status":"open","ping_status":"open","sticky":false,"template":"","format":"standard","meta":{"_jetpack_memberships_contains_paid_content":false,"footnotes":"","jetpack_publicize_message":"","jetpack_publicize_feature_enabled":true,"jetpack_social_post_already_shared":true,"jetpack_social_options":{"image_generator_settings":{"template":"highway","default_image_id":0,"font":"","enabled":false},"version":2}},"categories":[21],"tags":[1702,628],"class_list":["post-27125","post","type-post","status-publish","format-standard","hentry","category-informeci","tag-atuacaoprofissional","tag-cfb"],"jetpack_publicize_connections":[],"jetpack_featured_media_url":"","views":"","jetpack_sharing_enabled":true,"_links":{"self":[{"href":"https:\/\/www.pedroandretta.info\/index\/wp-json\/wp\/v2\/posts\/27125","targetHints":{"allow":["GET"]}}],"collection":[{"href":"https:\/\/www.pedroandretta.info\/index\/wp-json\/wp\/v2\/posts"}],"about":[{"href":"https:\/\/www.pedroandretta.info\/index\/wp-json\/wp\/v2\/types\/post"}],"author":[{"embeddable":true,"href":"https:\/\/www.pedroandretta.info\/index\/wp-json\/wp\/v2\/users\/1"}],"replies":[{"embeddable":true,"href":"https:\/\/www.pedroandretta.info\/index\/wp-json\/wp\/v2\/comments?post=27125"}],"version-history":[{"count":0,"href":"https:\/\/www.pedroandretta.info\/index\/wp-json\/wp\/v2\/posts\/27125\/revisions"}],"wp:attachment":[{"href":"https:\/\/www.pedroandretta.info\/index\/wp-json\/wp\/v2\/media?parent=27125"}],"wp:term":[{"taxonomy":"category","embeddable":true,"href":"https:\/\/www.pedroandretta.info\/index\/wp-json\/wp\/v2\/categories?post=27125"},{"taxonomy":"post_tag","embeddable":true,"href":"https:\/\/www.pedroandretta.info\/index\/wp-json\/wp\/v2\/tags?post=27125"}],"curies":[{"name":"wp","href":"https:\/\/api.w.org\/{rel}","templated":true}]}}