{"id":27325,"date":"2024-10-17T10:48:12","date_gmt":"2024-10-17T14:48:12","guid":{"rendered":"https:\/\/www.pedroandretta.info\/index\/?p=27325"},"modified":"2024-10-17T10:48:24","modified_gmt":"2024-10-17T14:48:24","slug":"bibliotecas-catalizadores-de-inovacao-comunitaria-biblogtecarios","status":"publish","type":"post","link":"https:\/\/www.pedroandretta.info\/index\/2024\/10\/bibliotecas-catalizadores-de-inovacao-comunitaria-biblogtecarios\/","title":{"rendered":"Bibliotecas: catalizadores de inova\u00e7\u00e3o comunit\u00e1ria \/ Biblogtec\u00e1rios"},"content":{"rendered":"\n<p><strong>Bibliotecas: catalizadores de inova\u00e7\u00e3o comunit\u00e1ria<\/strong><\/p>\n\n\n\n<p>As bibliotecas s\u00e3o hoje verdadeiros catalisadores de inova\u00e7\u00e3o comunit\u00e1ria, j\u00e1 que sua transforma\u00e7\u00e3o em espa\u00e7os de inova\u00e7\u00e3o s\u00f3 n\u00e3o melhora o acesso \u00e0 informa\u00e7\u00e3o e \u00e0 tecnologia, mas tamb\u00e9m fortalece o tecido social e apoia o desenvolvimento cont\u00ednuo das comunidades para as que servem. Neste novo paradigma, as bibliotecas n\u00e3o preservam apenas o conhecimento, mas tamb\u00e9m fomentam a criatividade, a colabora\u00e7\u00e3o e o crescimento comunit\u00e1rio.\u00a0<\/p>\n\n\n\n<p>via Biblogtec\u00e1rios<\/p>\n\n\n\n<p>#Bibliotecas #Inova\u00e7\u00e3o #Tend\u00eancias<\/p>\n\n\n\n<p>Dispon\u00edvel em: <a href=\"https:\/\/www.biblogtecarios.es\/esterangulo\/bibliotecas-catalizadores-de-innovacion-comunitaria\/\">https:\/\/www.biblogtecarios.es\/esterangulo\/bibliotecas-catalizadores-de-innovacion-comunitaria\/<\/a><\/p>\n","protected":false},"excerpt":{"rendered":"<p>Bibliotecas: catalizadores de inova\u00e7\u00e3o comunit\u00e1ria As bibliotecas s\u00e3o hoje verdadeiros catalisadores de inova\u00e7\u00e3o comunit\u00e1ria, j\u00e1 que sua transforma\u00e7\u00e3o em espa\u00e7os de inova\u00e7\u00e3o s\u00f3 n\u00e3o melhora o acesso \u00e0 informa\u00e7\u00e3o e \u00e0 tecnologia, mas tamb\u00e9m fortalece o tecido social e apoia o desenvolvimento cont\u00ednuo das comunidades para as que servem. Neste novo paradigma, as bibliotecas n\u00e3o<\/p><\/div>\n<div class=\"blog-btn\"><a href=\"https:\/\/www.pedroandretta.info\/index\/2024\/10\/bibliotecas-catalizadores-de-inovacao-comunitaria-biblogtecarios\/\" class=\"home-blog-btn\">Ler mais<\/a><\/p>\n","protected":false},"author":1,"featured_media":0,"comment_status":"open","ping_status":"open","sticky":false,"template":"","format":"standard","meta":{"_jetpack_memberships_contains_paid_content":false,"footnotes":"","jetpack_publicize_message":"","jetpack_publicize_feature_enabled":true,"jetpack_social_post_already_shared":true,"jetpack_social_options":{"image_generator_settings":{"template":"highway","default_image_id":0,"font":"","enabled":false},"version":2}},"categories":[21],"tags":[38,85,707],"class_list":["post-27325","post","type-post","status-publish","format-standard","hentry","category-informeci","tag-bibliotecas","tag-inovacao","tag-tendencias"],"jetpack_publicize_connections":[],"jetpack_featured_media_url":"","views":"","jetpack_sharing_enabled":true,"_links":{"self":[{"href":"https:\/\/www.pedroandretta.info\/index\/wp-json\/wp\/v2\/posts\/27325","targetHints":{"allow":["GET"]}}],"collection":[{"href":"https:\/\/www.pedroandretta.info\/index\/wp-json\/wp\/v2\/posts"}],"about":[{"href":"https:\/\/www.pedroandretta.info\/index\/wp-json\/wp\/v2\/types\/post"}],"author":[{"embeddable":true,"href":"https:\/\/www.pedroandretta.info\/index\/wp-json\/wp\/v2\/users\/1"}],"replies":[{"embeddable":true,"href":"https:\/\/www.pedroandretta.info\/index\/wp-json\/wp\/v2\/comments?post=27325"}],"version-history":[{"count":0,"href":"https:\/\/www.pedroandretta.info\/index\/wp-json\/wp\/v2\/posts\/27325\/revisions"}],"wp:attachment":[{"href":"https:\/\/www.pedroandretta.info\/index\/wp-json\/wp\/v2\/media?parent=27325"}],"wp:term":[{"taxonomy":"category","embeddable":true,"href":"https:\/\/www.pedroandretta.info\/index\/wp-json\/wp\/v2\/categories?post=27325"},{"taxonomy":"post_tag","embeddable":true,"href":"https:\/\/www.pedroandretta.info\/index\/wp-json\/wp\/v2\/tags?post=27325"}],"curies":[{"name":"wp","href":"https:\/\/api.w.org\/{rel}","templated":true}]}}