{"id":27327,"date":"2024-10-17T10:41:22","date_gmt":"2024-10-17T14:41:22","guid":{"rendered":"https:\/\/www.pedroandretta.info\/index\/?p=27327"},"modified":"2024-10-17T10:41:28","modified_gmt":"2024-10-17T14:41:28","slug":"em-busca-de-melhor-saude-mental-na-adolescencia-oxford","status":"publish","type":"post","link":"https:\/\/www.pedroandretta.info\/index\/2024\/10\/em-busca-de-melhor-saude-mental-na-adolescencia-oxford\/","title":{"rendered":"Em busca de melhor sa\u00fade mental na adolesc\u00eancia \/ Oxford"},"content":{"rendered":"\n<p><strong>Em busca de melhor sa\u00fade mental na adolesc\u00eancia<\/strong><\/p>\n\n\n\n<p>No Reino Unido, os transtornos de sa\u00fade mental est\u00e3o crescendo mais rapidamente em jovens de 13 a 24 anos.<br>Mais da metade dos jovens de 17 a 23 anos (52,7%) no Reino Unido relataram um decl\u00ednio em sua sa\u00fade mental entre 2017 e 2021. Uma pesquisa do NHS descobriu que um em cada quatro jovens tinha prov\u00e1veis \u200b\u200btranstornos de sa\u00fade mental em 2022.<\/p>\n\n\n\n<p>via Oxford<\/p>\n\n\n\n<p>#Sa\u00fadeMental<\/p>\n\n\n\n<figure class=\"wp-block-image size-large\"><img data-recalc-dims=\"1\" decoding=\"async\" width=\"600\" height=\"352\" src=\"https:\/\/i0.wp.com\/www.pedroandretta.info\/index\/wp-content\/uploads\/2024\/10\/image-65.png?resize=600%2C352&#038;ssl=1\" alt=\"\" class=\"wp-image-27328\" srcset=\"https:\/\/i0.wp.com\/www.pedroandretta.info\/index\/wp-content\/uploads\/2024\/10\/image-65.png?resize=600%2C352&amp;ssl=1 600w, https:\/\/i0.wp.com\/www.pedroandretta.info\/index\/wp-content\/uploads\/2024\/10\/image-65.png?resize=300%2C176&amp;ssl=1 300w, https:\/\/i0.wp.com\/www.pedroandretta.info\/index\/wp-content\/uploads\/2024\/10\/image-65.png?resize=768%2C451&amp;ssl=1 768w, https:\/\/i0.wp.com\/www.pedroandretta.info\/index\/wp-content\/uploads\/2024\/10\/image-65.png?w=1240&amp;ssl=1 1240w\" sizes=\"(max-width: 600px) 100vw, 600px\" \/><\/figure>\n","protected":false},"excerpt":{"rendered":"<p>Em busca de melhor sa\u00fade mental na adolesc\u00eancia No Reino Unido, os transtornos de sa\u00fade mental est\u00e3o crescendo mais rapidamente em jovens de 13 a 24 anos.Mais da metade dos jovens de 17 a 23 anos (52,7%) no Reino Unido relataram um decl\u00ednio em sua sa\u00fade mental entre 2017 e 2021. Uma pesquisa do NHS<\/p><\/div>\n<div class=\"blog-btn\"><a href=\"https:\/\/www.pedroandretta.info\/index\/2024\/10\/em-busca-de-melhor-saude-mental-na-adolescencia-oxford\/\" class=\"home-blog-btn\">Ler mais<\/a><\/p>\n","protected":false},"author":1,"featured_media":0,"comment_status":"open","ping_status":"open","sticky":false,"template":"","format":"standard","meta":{"_jetpack_memberships_contains_paid_content":false,"footnotes":"","jetpack_publicize_message":"","jetpack_publicize_feature_enabled":true,"jetpack_social_post_already_shared":true,"jetpack_social_options":{"image_generator_settings":{"template":"highway","default_image_id":0,"font":"","enabled":false},"version":2}},"categories":[21],"tags":[1856],"class_list":["post-27327","post","type-post","status-publish","format-standard","hentry","category-informeci","tag-saudemental"],"jetpack_publicize_connections":[],"jetpack_featured_media_url":"","views":"","jetpack_sharing_enabled":true,"_links":{"self":[{"href":"https:\/\/www.pedroandretta.info\/index\/wp-json\/wp\/v2\/posts\/27327","targetHints":{"allow":["GET"]}}],"collection":[{"href":"https:\/\/www.pedroandretta.info\/index\/wp-json\/wp\/v2\/posts"}],"about":[{"href":"https:\/\/www.pedroandretta.info\/index\/wp-json\/wp\/v2\/types\/post"}],"author":[{"embeddable":true,"href":"https:\/\/www.pedroandretta.info\/index\/wp-json\/wp\/v2\/users\/1"}],"replies":[{"embeddable":true,"href":"https:\/\/www.pedroandretta.info\/index\/wp-json\/wp\/v2\/comments?post=27327"}],"version-history":[{"count":0,"href":"https:\/\/www.pedroandretta.info\/index\/wp-json\/wp\/v2\/posts\/27327\/revisions"}],"wp:attachment":[{"href":"https:\/\/www.pedroandretta.info\/index\/wp-json\/wp\/v2\/media?parent=27327"}],"wp:term":[{"taxonomy":"category","embeddable":true,"href":"https:\/\/www.pedroandretta.info\/index\/wp-json\/wp\/v2\/categories?post=27327"},{"taxonomy":"post_tag","embeddable":true,"href":"https:\/\/www.pedroandretta.info\/index\/wp-json\/wp\/v2\/tags?post=27327"}],"curies":[{"name":"wp","href":"https:\/\/api.w.org\/{rel}","templated":true}]}}