{"id":27384,"date":"2024-10-20T13:06:04","date_gmt":"2024-10-20T17:06:04","guid":{"rendered":"https:\/\/www.pedroandretta.info\/index\/?p=27384"},"modified":"2024-10-20T13:06:09","modified_gmt":"2024-10-20T17:06:09","slug":"o-manifesto-da-biblioteca-publica-em-acao-boas-praticas-em-sustentabilidade-alfabetizacao-e-democracia-ifla","status":"publish","type":"post","link":"https:\/\/www.pedroandretta.info\/index\/2024\/10\/o-manifesto-da-biblioteca-publica-em-acao-boas-praticas-em-sustentabilidade-alfabetizacao-e-democracia-ifla\/","title":{"rendered":"O Manifesto da Biblioteca P\u00fablica em A\u00e7\u00e3o: Boas pr\u00e1ticas em sustentabilidade, alfabetiza\u00e7\u00e3o e democracia \/ IFLA"},"content":{"rendered":"\n<p><strong>O Manifesto da Biblioteca P\u00fablica em A\u00e7\u00e3o: Boas pr\u00e1ticas em sustentabilidade, alfabetiza\u00e7\u00e3o e democracia<\/strong><\/p>\n\n\n\n<p>A rede global da IFLA levou este Manifesto a s\u00e9rio nos \u00faltimos dois anos \u2013 com mais de 35 tradu\u00e7\u00f5es e muitos esfor\u00e7os para integrar o Manifesto em pol\u00edticas e pr\u00e1ticas.<\/p>\n\n\n\n<p>Com forte \u00eanfase em bibliotecas p\u00fablicas e democracia, desenvolvimento urbano sustent\u00e1vel, censura e a\u00e7\u00e3o clim\u00e1tica, as discuss\u00f5es na confer\u00eancia destacaram as muitas maneiras pelas quais as bibliotecas est\u00e3o vivendo a miss\u00e3o definida no Manifesto da Biblioteca P\u00fablica.<\/p>\n\n\n\n<p>via IFLA<\/p>\n\n\n\n<p>#BibliotecasP\u00fablicas #BoasPr\u00e1ticas<\/p>\n\n\n\n<p>Dispon\u00edvel em: <a href=\"https:\/\/blogs.ifla.org\/lpa\/2024\/10\/18\/the-public-library-manifesto-in-action-good-practices-in-sustainability-literacy-and-democracy\/\">https:\/\/blogs.ifla.org\/lpa\/2024\/10\/18\/the-public-library-manifesto-in-action-good-practices-in-sustainability-literacy-and-democracy\/<\/a><\/p>\n","protected":false},"excerpt":{"rendered":"<p>O Manifesto da Biblioteca P\u00fablica em A\u00e7\u00e3o: Boas pr\u00e1ticas em sustentabilidade, alfabetiza\u00e7\u00e3o e democracia A rede global da IFLA levou este Manifesto a s\u00e9rio nos \u00faltimos dois anos \u2013 com mais de 35 tradu\u00e7\u00f5es e muitos esfor\u00e7os para integrar o Manifesto em pol\u00edticas e pr\u00e1ticas. Com forte \u00eanfase em bibliotecas p\u00fablicas e democracia, desenvolvimento urbano<\/p><\/div>\n<div class=\"blog-btn\"><a href=\"https:\/\/www.pedroandretta.info\/index\/2024\/10\/o-manifesto-da-biblioteca-publica-em-acao-boas-praticas-em-sustentabilidade-alfabetizacao-e-democracia-ifla\/\" class=\"home-blog-btn\">Ler mais<\/a><\/p>\n","protected":false},"author":1,"featured_media":0,"comment_status":"open","ping_status":"open","sticky":false,"template":"","format":"standard","meta":{"_jetpack_memberships_contains_paid_content":false,"footnotes":"","jetpack_publicize_message":"","jetpack_publicize_feature_enabled":true,"jetpack_social_post_already_shared":true,"jetpack_social_options":{"image_generator_settings":{"template":"highway","default_image_id":0,"font":"","enabled":false},"version":2}},"categories":[21],"tags":[39,377],"class_list":["post-27384","post","type-post","status-publish","format-standard","hentry","category-informeci","tag-bibliotecaspublicas","tag-boaspraticas"],"jetpack_publicize_connections":[],"jetpack_featured_media_url":"","views":"","jetpack_sharing_enabled":true,"_links":{"self":[{"href":"https:\/\/www.pedroandretta.info\/index\/wp-json\/wp\/v2\/posts\/27384","targetHints":{"allow":["GET"]}}],"collection":[{"href":"https:\/\/www.pedroandretta.info\/index\/wp-json\/wp\/v2\/posts"}],"about":[{"href":"https:\/\/www.pedroandretta.info\/index\/wp-json\/wp\/v2\/types\/post"}],"author":[{"embeddable":true,"href":"https:\/\/www.pedroandretta.info\/index\/wp-json\/wp\/v2\/users\/1"}],"replies":[{"embeddable":true,"href":"https:\/\/www.pedroandretta.info\/index\/wp-json\/wp\/v2\/comments?post=27384"}],"version-history":[{"count":0,"href":"https:\/\/www.pedroandretta.info\/index\/wp-json\/wp\/v2\/posts\/27384\/revisions"}],"wp:attachment":[{"href":"https:\/\/www.pedroandretta.info\/index\/wp-json\/wp\/v2\/media?parent=27384"}],"wp:term":[{"taxonomy":"category","embeddable":true,"href":"https:\/\/www.pedroandretta.info\/index\/wp-json\/wp\/v2\/categories?post=27384"},{"taxonomy":"post_tag","embeddable":true,"href":"https:\/\/www.pedroandretta.info\/index\/wp-json\/wp\/v2\/tags?post=27384"}],"curies":[{"name":"wp","href":"https:\/\/api.w.org\/{rel}","templated":true}]}}