{"id":27404,"date":"2024-10-22T01:13:33","date_gmt":"2024-10-22T05:13:33","guid":{"rendered":"https:\/\/www.pedroandretta.info\/index\/?p=27404"},"modified":"2024-10-22T01:13:37","modified_gmt":"2024-10-22T05:13:37","slug":"uso-de-telas-pode-impactar-a-constituicao-da-subjetividade-de-criancas-jornal-da-universidade","status":"publish","type":"post","link":"https:\/\/www.pedroandretta.info\/index\/2024\/10\/uso-de-telas-pode-impactar-a-constituicao-da-subjetividade-de-criancas-jornal-da-universidade\/","title":{"rendered":"Uso de telas pode impactar a constitui\u00e7\u00e3o da subjetividade de crian\u00e7as \/ Jornal da Universidade"},"content":{"rendered":"\n<p><strong>Uso de telas pode impactar a constitui\u00e7\u00e3o da subjetividade de crian\u00e7as<\/strong><\/p>\n\n\n\n<p>M\u00e3es sobrecarregadas, com longas jornadas de trabalho e exaustas em fun\u00e7\u00e3o do deslocamento do transporte p\u00fablico acabam por utilizar os dispositivos como um recurso de entretenimento para os filhos; elas podem, assim, dar conta dos afazeres dom\u00e9sticos. Para Sofia, o debate sobre o uso de telas precisa ser complexificado, pois o uso excessivo \u00e9 apenas a ponta do iceberg.<\/p>\n\n\n\n<p>#Subjetividade #Crian\u00e7as #Smartphones<\/p>\n\n\n\n<p>via Jornal da Universidade<\/p>\n\n\n\n<p>Dispon\u00edvel em: <a href=\"https:\/\/www.ufrgs.br\/jornal\/uso-de-telas-pode-impactar-a-constituicao-da-subjetividade-de-criancas\/\">https:\/\/www.ufrgs.br\/jornal\/uso-de-telas-pode-impactar-a-constituicao-da-subjetividade-de-criancas\/<\/a><\/p>\n\n\n\n<figure class=\"wp-block-image size-large\"><img data-recalc-dims=\"1\" decoding=\"async\" width=\"600\" height=\"418\" src=\"https:\/\/i0.wp.com\/www.pedroandretta.info\/index\/wp-content\/uploads\/2024\/10\/image-76.png?resize=600%2C418&#038;ssl=1\" alt=\"\" class=\"wp-image-27408\" srcset=\"https:\/\/i0.wp.com\/www.pedroandretta.info\/index\/wp-content\/uploads\/2024\/10\/image-76.png?resize=600%2C418&amp;ssl=1 600w, https:\/\/i0.wp.com\/www.pedroandretta.info\/index\/wp-content\/uploads\/2024\/10\/image-76.png?resize=300%2C209&amp;ssl=1 300w, https:\/\/i0.wp.com\/www.pedroandretta.info\/index\/wp-content\/uploads\/2024\/10\/image-76.png?resize=768%2C535&amp;ssl=1 768w, https:\/\/i0.wp.com\/www.pedroandretta.info\/index\/wp-content\/uploads\/2024\/10\/image-76.png?w=874&amp;ssl=1 874w\" sizes=\"(max-width: 600px) 100vw, 600px\" \/><\/figure>\n","protected":false},"excerpt":{"rendered":"<p>Uso de telas pode impactar a constitui\u00e7\u00e3o da subjetividade de crian\u00e7as M\u00e3es sobrecarregadas, com longas jornadas de trabalho e exaustas em fun\u00e7\u00e3o do deslocamento do transporte p\u00fablico acabam por utilizar os dispositivos como um recurso de entretenimento para os filhos; elas podem, assim, dar conta dos afazeres dom\u00e9sticos. Para Sofia, o debate sobre o uso<\/p><\/div>\n<div class=\"blog-btn\"><a href=\"https:\/\/www.pedroandretta.info\/index\/2024\/10\/uso-de-telas-pode-impactar-a-constituicao-da-subjetividade-de-criancas-jornal-da-universidade\/\" class=\"home-blog-btn\">Ler mais<\/a><\/p>\n","protected":false},"author":1,"featured_media":0,"comment_status":"open","ping_status":"open","sticky":false,"template":"","format":"standard","meta":{"_jetpack_memberships_contains_paid_content":false,"footnotes":"","jetpack_publicize_message":"","jetpack_publicize_feature_enabled":true,"jetpack_social_post_already_shared":true,"jetpack_social_options":{"image_generator_settings":{"template":"highway","default_image_id":0,"font":"","enabled":false},"version":2}},"categories":[21],"tags":[147,1315,3772],"class_list":["post-27404","post","type-post","status-publish","format-standard","hentry","category-informeci","tag-criancas","tag-smartphone","tag-subjetividade"],"jetpack_publicize_connections":[],"jetpack_featured_media_url":"","views":"","jetpack_sharing_enabled":true,"_links":{"self":[{"href":"https:\/\/www.pedroandretta.info\/index\/wp-json\/wp\/v2\/posts\/27404","targetHints":{"allow":["GET"]}}],"collection":[{"href":"https:\/\/www.pedroandretta.info\/index\/wp-json\/wp\/v2\/posts"}],"about":[{"href":"https:\/\/www.pedroandretta.info\/index\/wp-json\/wp\/v2\/types\/post"}],"author":[{"embeddable":true,"href":"https:\/\/www.pedroandretta.info\/index\/wp-json\/wp\/v2\/users\/1"}],"replies":[{"embeddable":true,"href":"https:\/\/www.pedroandretta.info\/index\/wp-json\/wp\/v2\/comments?post=27404"}],"version-history":[{"count":0,"href":"https:\/\/www.pedroandretta.info\/index\/wp-json\/wp\/v2\/posts\/27404\/revisions"}],"wp:attachment":[{"href":"https:\/\/www.pedroandretta.info\/index\/wp-json\/wp\/v2\/media?parent=27404"}],"wp:term":[{"taxonomy":"category","embeddable":true,"href":"https:\/\/www.pedroandretta.info\/index\/wp-json\/wp\/v2\/categories?post=27404"},{"taxonomy":"post_tag","embeddable":true,"href":"https:\/\/www.pedroandretta.info\/index\/wp-json\/wp\/v2\/tags?post=27404"}],"curies":[{"name":"wp","href":"https:\/\/api.w.org\/{rel}","templated":true}]}}